{"id":386592,"date":"2014-08-12T11:46:00","date_gmt":"2014-08-12T08:46:00","guid":{"rendered":"https:\/\/analyse.optim.biz\/?p=386592"},"modified":"2014-08-12T11:46:00","modified_gmt":"2014-08-12T08:46:00","slug":"imaginile-foamei-iata-cum-arata-rafturi-din-supermarketurile-rusesti","status":"publish","type":"post","link":"https:\/\/analyse.optim.biz\/?p=386592","title":{"rendered":"Imaginile FOAMEI! Iat\u0103 cum arat\u0103 RAFTURI din supermarketurile ruse\u0219ti"},"content":{"rendered":"<div class=\"description\" data-key=\"description\">Odat\u0103 cu decizia Rusiei de a nu mai importa produse alimentare din Occident a \u201deliberat\u201d multe dintre galantarele supermarketurilor vecinilor de la Est, peisajul fiind asem\u0103n\u0103tor cu cel din Rom\u00e2nia anilor 80<\/div>\n<div class=\"articleBody\" data-key=\"articleBody\">Odat\u0103 cu decizia Rusiei de a nu mai importa produse alimentare din Occident a \u201deliberat\u201d multe dintre galantarele supermarketurilor vecinilor de la Est, peisajul fiind asem\u0103n\u0103tor cu cel din Rom\u00e2nia anilor 80\u00a0<br \/>\nCele mai recente imagini surprinse \u00een magazinele din fosta URSS ne \u00eenf\u0103\u021bi\u0219eaz\u0103 o realitate crunt\u0103, dar sut\u0103 la sut\u0103 real\u0103<\/div>\n<p> Source URL: https:\/\/observatornews.ro\/politic\/imaginile-foamei-iata-cum-arata-rafturi-din-supermarketurile-132450.html<\/p>\n","protected":false},"excerpt":{"rendered":"<p>Odat\u0103 cu decizia Rusiei de a nu mai importa produse alimentare din Occident a \u201deliberat\u201d multe dintre galantarele supermarketurilor vecinilor de la Est, peisajul fiind asem\u0103n\u0103tor cu cel din Rom\u00e2nia anilor 80 Odat\u0103 cu decizia Rusiei de a nu mai importa produse alimentare din Occident a \u201deliberat\u201d multe dintre galantarele supermarketurilor vecinilor de la Est, [&hellip;]<\/p>\n","protected":false},"author":1,"featured_media":0,"comment_status":"open","ping_status":"","sticky":false,"template":"","format":"standard","meta":{"footnotes":""},"categories":[2],"tags":[30],"class_list":["post-386592","post","type-post","status-publish","format-standard","hentry","category-politics","tag-observatornews-ro"],"_links":{"self":[{"href":"https:\/\/analyse.optim.biz\/index.php?rest_route=\/wp\/v2\/posts\/386592","targetHints":{"allow":["GET"]}}],"collection":[{"href":"https:\/\/analyse.optim.biz\/index.php?rest_route=\/wp\/v2\/posts"}],"about":[{"href":"https:\/\/analyse.optim.biz\/index.php?rest_route=\/wp\/v2\/types\/post"}],"author":[{"embeddable":true,"href":"https:\/\/analyse.optim.biz\/index.php?rest_route=\/wp\/v2\/users\/1"}],"replies":[{"embeddable":true,"href":"https:\/\/analyse.optim.biz\/index.php?rest_route=%2Fwp%2Fv2%2Fcomments&post=386592"}],"version-history":[{"count":0,"href":"https:\/\/analyse.optim.biz\/index.php?rest_route=\/wp\/v2\/posts\/386592\/revisions"}],"wp:attachment":[{"href":"https:\/\/analyse.optim.biz\/index.php?rest_route=%2Fwp%2Fv2%2Fmedia&parent=386592"}],"wp:term":[{"taxonomy":"category","embeddable":true,"href":"https:\/\/analyse.optim.biz\/index.php?rest_route=%2Fwp%2Fv2%2Fcategories&post=386592"},{"taxonomy":"post_tag","embeddable":true,"href":"https:\/\/analyse.optim.biz\/index.php?rest_route=%2Fwp%2Fv2%2Ftags&post=386592"}],"curies":[{"name":"wp","href":"https:\/\/api.w.org\/{rel}","templated":true}]}}