{"id":386531,"date":"2014-08-27T10:03:00","date_gmt":"2014-08-27T07:03:00","guid":{"rendered":"https:\/\/analyse.optim.biz\/?p=386531"},"modified":"2014-08-27T10:03:00","modified_gmt":"2014-08-27T07:03:00","slug":"udmr-tinutul-secuiesc-va-fi-condus-de-un-presedinte","status":"publish","type":"post","link":"https:\/\/analyse.optim.biz\/?p=386531","title":{"rendered":"UDMR: \u0162inutul SECUIESC va fi condus de un pre\u015fedinte!"},"content":{"rendered":"<div class=\"description\" data-key=\"description\">\u0162inutul Secuiesc ar urma s\u0103 aib\u0103 pre\u015fedinte propriu, care s\u0103 st\u0103p\u00e2neasc\u0103 peste Harghita, Covasna \u015fi Mure\u015f<\/div>\n<div class=\"articleBody\" data-key=\"articleBody\">\u0162inutul Secuiesc ar urma s\u0103 aib\u0103 pre\u015fedinte propriu, care s\u0103 st\u0103p\u00e2neasc\u0103 peste Harghita, Covasna \u015fi Mure\u015f<br \/>\nAceste prevederi sunt \u00een proiectul de autonomie redactat de UDMR. Pre\u015fedintele ar urma s\u0103 fie ales prin vot direct de c\u0103tre cet\u0103\u0163enii din cele trei jude\u0163e \u015fi ar avea puteri mai mari dec\u00e2t \u015fefii de Consilii jude\u0163ene.<br \/>\nProiectul prevede c\u0103 acestia nu dispar, dar \u0162inutul Secuiesc ar avea un buget propriu \u015fi o colaborare mai pu\u0163in str\u00e2ns\u0103 cu guvernul de la Bucure\u015fti, av\u00e2nd \u00een vedere c\u0103 se vor autogestiona cei din \u0163inut.<\/div>\n<p> Source URL: https:\/\/observatornews.ro\/politic\/udmr-tinutul-secuiesc-va-fi-condus-de-un-presedinte-133595.html<\/p>\n","protected":false},"excerpt":{"rendered":"<p>\u0162inutul Secuiesc ar urma s\u0103 aib\u0103 pre\u015fedinte propriu, care s\u0103 st\u0103p\u00e2neasc\u0103 peste Harghita, Covasna \u015fi Mure\u015f \u0162inutul Secuiesc ar urma s\u0103 aib\u0103 pre\u015fedinte propriu, care s\u0103 st\u0103p\u00e2neasc\u0103 peste Harghita, Covasna \u015fi Mure\u015f Aceste prevederi sunt \u00een proiectul de autonomie redactat de UDMR. Pre\u015fedintele ar urma s\u0103 fie ales prin vot direct de c\u0103tre cet\u0103\u0163enii din [&hellip;]<\/p>\n","protected":false},"author":1,"featured_media":0,"comment_status":"open","ping_status":"","sticky":false,"template":"","format":"standard","meta":{"footnotes":""},"categories":[2],"tags":[30],"class_list":["post-386531","post","type-post","status-publish","format-standard","hentry","category-politics","tag-observatornews-ro"],"_links":{"self":[{"href":"https:\/\/analyse.optim.biz\/index.php?rest_route=\/wp\/v2\/posts\/386531","targetHints":{"allow":["GET"]}}],"collection":[{"href":"https:\/\/analyse.optim.biz\/index.php?rest_route=\/wp\/v2\/posts"}],"about":[{"href":"https:\/\/analyse.optim.biz\/index.php?rest_route=\/wp\/v2\/types\/post"}],"author":[{"embeddable":true,"href":"https:\/\/analyse.optim.biz\/index.php?rest_route=\/wp\/v2\/users\/1"}],"replies":[{"embeddable":true,"href":"https:\/\/analyse.optim.biz\/index.php?rest_route=%2Fwp%2Fv2%2Fcomments&post=386531"}],"version-history":[{"count":0,"href":"https:\/\/analyse.optim.biz\/index.php?rest_route=\/wp\/v2\/posts\/386531\/revisions"}],"wp:attachment":[{"href":"https:\/\/analyse.optim.biz\/index.php?rest_route=%2Fwp%2Fv2%2Fmedia&parent=386531"}],"wp:term":[{"taxonomy":"category","embeddable":true,"href":"https:\/\/analyse.optim.biz\/index.php?rest_route=%2Fwp%2Fv2%2Fcategories&post=386531"},{"taxonomy":"post_tag","embeddable":true,"href":"https:\/\/analyse.optim.biz\/index.php?rest_route=%2Fwp%2Fv2%2Ftags&post=386531"}],"curies":[{"name":"wp","href":"https:\/\/api.w.org\/{rel}","templated":true}]}}