{"id":386528,"date":"2014-08-28T11:05:00","date_gmt":"2014-08-28T08:05:00","guid":{"rendered":"https:\/\/analyse.optim.biz\/?p=386528"},"modified":"2014-08-28T11:05:00","modified_gmt":"2014-08-28T08:05:00","slug":"guvernul-a-decis-s-a-adoptat-ordonanta-de-urgenta-privind-migratia-primarilor","status":"publish","type":"post","link":"https:\/\/analyse.optim.biz\/?p=386528","title":{"rendered":"Guvernul a DECIS! S-a adoptat Ordonan\u0163a de Urgen\u0163\u0103 privind migra\u0163ia PRIMARILOR!"},"content":{"rendered":"<div class=\"description\" data-key=\"description\">Guvernul a adoptat o Ordonan\u0163\u0103 de Urgen\u0163\u0103 \u00een privin\u0163a migra\u0163iei primarilor. Aceasta permite migra\u0163ia ale\u015filor locali pentru 45 de zile, f\u0103r\u0103 a-\u015fi pierde mandatul.<\/div>\n<div class=\"articleBody\" data-key=\"articleBody\">\u00a0Guvernul a adoptat o Ordonan\u0163\u0103 de Urgen\u0163\u0103 \u00een privin\u0163a migra\u0163iei primarilor. Aceasta permite migra\u0163ia ale\u015filor locali pentru 45 de zile, f\u0103r\u0103 a-\u015fi pierde mandatul.<br \/>\nPremierul Victor Ponta a declarat recent faptul c\u0103 \u00ee\u0163i asum\u0103 aceast\u0103 hot\u0103r\u00e2re, men\u0163ion\u00e2nd faptul c\u0103 este necesar s\u0103 se fac\u0103 dreptate.<br \/>\nProiectul ini\u0163ial de lege prevedea un termen de 10 zile, timp \u00een care ale\u015fii locali \u00ee\u015fi pot alege partidul.<br \/>\nOrdonan\u0163a va intra \u00een vigoare \u00eencep\u00e2nd cu data de 1 septembrie.<\/div>\n<p> Source URL: https:\/\/observatornews.ro\/politic\/guvernul-a-decis-sa-adoptat-ordonanta-de-urgenta-privind-migratia-primarilor-133692.html<\/p>\n","protected":false},"excerpt":{"rendered":"<p>Guvernul a adoptat o Ordonan\u0163\u0103 de Urgen\u0163\u0103 \u00een privin\u0163a migra\u0163iei primarilor. Aceasta permite migra\u0163ia ale\u015filor locali pentru 45 de zile, f\u0103r\u0103 a-\u015fi pierde mandatul. \u00a0Guvernul a adoptat o Ordonan\u0163\u0103 de Urgen\u0163\u0103 \u00een privin\u0163a migra\u0163iei primarilor. Aceasta permite migra\u0163ia ale\u015filor locali pentru 45 de zile, f\u0103r\u0103 a-\u015fi pierde mandatul. Premierul Victor Ponta a declarat recent faptul [&hellip;]<\/p>\n","protected":false},"author":1,"featured_media":0,"comment_status":"open","ping_status":"","sticky":false,"template":"","format":"standard","meta":{"footnotes":""},"categories":[2],"tags":[30],"class_list":["post-386528","post","type-post","status-publish","format-standard","hentry","category-politics","tag-observatornews-ro"],"_links":{"self":[{"href":"https:\/\/analyse.optim.biz\/index.php?rest_route=\/wp\/v2\/posts\/386528","targetHints":{"allow":["GET"]}}],"collection":[{"href":"https:\/\/analyse.optim.biz\/index.php?rest_route=\/wp\/v2\/posts"}],"about":[{"href":"https:\/\/analyse.optim.biz\/index.php?rest_route=\/wp\/v2\/types\/post"}],"author":[{"embeddable":true,"href":"https:\/\/analyse.optim.biz\/index.php?rest_route=\/wp\/v2\/users\/1"}],"replies":[{"embeddable":true,"href":"https:\/\/analyse.optim.biz\/index.php?rest_route=%2Fwp%2Fv2%2Fcomments&post=386528"}],"version-history":[{"count":0,"href":"https:\/\/analyse.optim.biz\/index.php?rest_route=\/wp\/v2\/posts\/386528\/revisions"}],"wp:attachment":[{"href":"https:\/\/analyse.optim.biz\/index.php?rest_route=%2Fwp%2Fv2%2Fmedia&parent=386528"}],"wp:term":[{"taxonomy":"category","embeddable":true,"href":"https:\/\/analyse.optim.biz\/index.php?rest_route=%2Fwp%2Fv2%2Fcategories&post=386528"},{"taxonomy":"post_tag","embeddable":true,"href":"https:\/\/analyse.optim.biz\/index.php?rest_route=%2Fwp%2Fv2%2Ftags&post=386528"}],"curies":[{"name":"wp","href":"https:\/\/api.w.org\/{rel}","templated":true}]}}