{"id":386492,"date":"2014-09-04T09:45:00","date_gmt":"2014-09-04T06:45:00","guid":{"rendered":"https:\/\/analyse.optim.biz\/?p=386492"},"modified":"2014-09-04T09:45:00","modified_gmt":"2014-09-04T06:45:00","slug":"viorel-hrebenciuc-a-fost-pus-sub-urmarire-penala","status":"publish","type":"post","link":"https:\/\/analyse.optim.biz\/?p=386492","title":{"rendered":"Viorel Hrebenciuc a fost pus sub urm\u0103rire penal\u0103!"},"content":{"rendered":"<div class=\"description\" data-key=\"description\">Vicepre\u015fedintele Camerei Deputa\u0163ilor este pus sub urm\u0103rire penal\u0103 \u015fi a fost, timp de c\u00e2teva zeci de minute, la DNA. Acesta este acuzat de trafic de influen\u0163\u0103<\/div>\n<div class=\"articleBody\" data-key=\"articleBody\">Vicepre\u015fedintele Camerei Deputa\u0163ilor a fost pus sub urm\u0103rire penal\u0103 \u015fi a fost timp de c\u00e2teva zeci de minute la DNA. Acesta este acuzat de trafic de influen\u0163\u0103<br \/>\nDeputatul PSD Viorel Hrebenciuc a declarat joi, la ie\u015firea de la DNA, unde a fost fost citat \u00een dosarul privind presupuse interven\u0163ii la CNA \u00een favoarea primarului Gheorghe \u015etefan, cu scopul ob\u0163inerii licen\u0163ei pentru un post TV, c\u0103 a fost pus sub \u00eenvinuire \u015fi c\u0103 se consider\u0103 &#8220;o victim\u0103 colateral\u0103&#8221;, potrivit Antena3.<br \/>\nAcesta a precizat c\u0103 procurorii i-au adus la cuno\u015ftin\u0163\u0103 acuza\u0163ii conforme cu articolul 13 din Legea nr. 78\/2000 privind prevenirea, descoperirea \u015fi sanc\u0163ionarea faptelor de corup\u0163ie.<br \/>\nArticolul respectiv prevede c\u0103 &#8220;fapta persoanei care \u00eendepline\u015fte o func\u0163ie de conducere \u00eentr-un partid, \u00eentr-un sindicat sau patronat ori \u00een cadrul unei persoane juridice f\u0103r\u0103 scop patrimonial, de a folosi influen\u0163a ori autoritatea sa \u00een scopul ob\u0163inerii pentru sine ori pentru altul de bani, bunuri sau alte foloase necuvenite, se pedepse\u015fte cu \u00eenchisoare de la unu la cinci ani&#8221;.<br \/>\nViorel Hrebenciuc a ad\u0103ugat c\u0103 \u00ee\u015fi va angaja un avocat \u015fi va reveni la DNA, pentru a da declara\u0163ii.<\/div>\n<p> Source URL: https:\/\/observatornews.ro\/politic\/viorel-hrebenciuc-a-fost-pus-sub-urmarire-penala-134169.html<\/p>\n","protected":false},"excerpt":{"rendered":"<p>Vicepre\u015fedintele Camerei Deputa\u0163ilor este pus sub urm\u0103rire penal\u0103 \u015fi a fost, timp de c\u00e2teva zeci de minute, la DNA. Acesta este acuzat de trafic de influen\u0163\u0103 Vicepre\u015fedintele Camerei Deputa\u0163ilor a fost pus sub urm\u0103rire penal\u0103 \u015fi a fost timp de c\u00e2teva zeci de minute la DNA. Acesta este acuzat de trafic de influen\u0163\u0103 Deputatul PSD [&hellip;]<\/p>\n","protected":false},"author":1,"featured_media":0,"comment_status":"open","ping_status":"","sticky":false,"template":"","format":"standard","meta":{"footnotes":""},"categories":[2],"tags":[30],"class_list":["post-386492","post","type-post","status-publish","format-standard","hentry","category-politics","tag-observatornews-ro"],"_links":{"self":[{"href":"https:\/\/analyse.optim.biz\/index.php?rest_route=\/wp\/v2\/posts\/386492","targetHints":{"allow":["GET"]}}],"collection":[{"href":"https:\/\/analyse.optim.biz\/index.php?rest_route=\/wp\/v2\/posts"}],"about":[{"href":"https:\/\/analyse.optim.biz\/index.php?rest_route=\/wp\/v2\/types\/post"}],"author":[{"embeddable":true,"href":"https:\/\/analyse.optim.biz\/index.php?rest_route=\/wp\/v2\/users\/1"}],"replies":[{"embeddable":true,"href":"https:\/\/analyse.optim.biz\/index.php?rest_route=%2Fwp%2Fv2%2Fcomments&post=386492"}],"version-history":[{"count":0,"href":"https:\/\/analyse.optim.biz\/index.php?rest_route=\/wp\/v2\/posts\/386492\/revisions"}],"wp:attachment":[{"href":"https:\/\/analyse.optim.biz\/index.php?rest_route=%2Fwp%2Fv2%2Fmedia&parent=386492"}],"wp:term":[{"taxonomy":"category","embeddable":true,"href":"https:\/\/analyse.optim.biz\/index.php?rest_route=%2Fwp%2Fv2%2Fcategories&post=386492"},{"taxonomy":"post_tag","embeddable":true,"href":"https:\/\/analyse.optim.biz\/index.php?rest_route=%2Fwp%2Fv2%2Ftags&post=386492"}],"curies":[{"name":"wp","href":"https:\/\/api.w.org\/{rel}","templated":true}]}}