{"id":386437,"date":"2014-09-12T15:52:00","date_gmt":"2014-09-12T12:52:00","guid":{"rendered":"https:\/\/analyse.optim.biz\/?p=386437"},"modified":"2014-09-12T15:52:00","modified_gmt":"2014-09-12T12:52:00","slug":"victor-ponta-a-fost-desemnat-oficial-candidat-la-prezidentiale","status":"publish","type":"post","link":"https:\/\/analyse.optim.biz\/?p=386437","title":{"rendered":"Victor Ponta a fost desemnat oficial candidat la preziden\u0163iale!"},"content":{"rendered":"<div class=\"description\" data-key=\"description\">Congresul extraordinar al PSD a validat, cu unanimitate de voturi, scrutinul intern prin care Victor Ponta a fost desemnat candidat la preziden\u0163iale<\/div>\n<div class=\"articleBody\" data-key=\"articleBody\">\nCongresul extraordinar al PSD a validat, cu unanimitate de voturi, scrutinul intern prin care Victor Ponta a fost desemnat candidat la preziden\u0163iale<br \/>\n.<br \/>\n\u00cen cadrul acestui scrutin intern, au fost consula\u0163i 414.917 membri de partid, care s-au exprimat prin vot. Astfel, din 414.917 membri consulta\u0163i, 414.667 au votat &#8220;pentru&#8221;, 68 au votat &#8220;\u00eempotriv\u0103&#8221;, iar 182 s-au ab\u0163inut. Congresului extraordinar a avut loc la Alba Iulia.<br \/>\n&#8220;Am stat \u00een c\u0103ma\u015f\u0103 de prim-ministru, acum mi-am pus haina de pre\u015fedinte. Nu exist\u0103 doar un proiect al meu, este proiectul nostru, pentru \u00eentreaga \u0163ar\u0103. M\u0103 onoreaz\u0103 foarte mult \u00eencrederea dumneavoastr\u0103. Sunt m\u00e2ndru c\u0103 sunt rom\u00e2n, sunt m\u00e2ndru c\u0103 sunt pesedist, nu-mi doresc nimic mai mult dec\u00e2t ca \u015fi dumneavoastr\u0103 s\u0103 fi\u0163i m\u00e2ndri de mine&#8221; a spus Victor Ponta, conform Antena3.<br \/>\nCandidatul PSD la preziden\u0163iale a vorbit \u015fi despre programul s\u0103u, despre &#8220;pilonii&#8221; acestuia.<br \/>\n&#8220;Cred foarte tare \u00een dou\u0103 lucruri. C\u0103 Rom\u00e2nia are nevoie de o schimbare a tot ceea ce a fost r\u0103u. \u015ei vreau ca marea unire s\u0103 o facem \u00eempreun\u0103 dup\u0103 zece ani de dezbinare. Acesta este principalul scop al candidatului Victor Viorel Ponta&#8221;.\n<\/div>\n<p> Source URL: https:\/\/observatornews.ro\/politic\/victor-ponta-a-fost-desemnat-oficial-candidat-la-prezidentiale-134783.html<\/p>\n","protected":false},"excerpt":{"rendered":"<p>Congresul extraordinar al PSD a validat, cu unanimitate de voturi, scrutinul intern prin care Victor Ponta a fost desemnat candidat la preziden\u0163iale Congresul extraordinar al PSD a validat, cu unanimitate de voturi, scrutinul intern prin care Victor Ponta a fost desemnat candidat la preziden\u0163iale . \u00cen cadrul acestui scrutin intern, au fost consula\u0163i 414.917 membri [&hellip;]<\/p>\n","protected":false},"author":1,"featured_media":386438,"comment_status":"open","ping_status":"","sticky":false,"template":"","format":"standard","meta":{"footnotes":""},"categories":[2],"tags":[30],"class_list":["post-386437","post","type-post","status-publish","format-standard","has-post-thumbnail","hentry","category-politics","tag-observatornews-ro"],"_links":{"self":[{"href":"https:\/\/analyse.optim.biz\/index.php?rest_route=\/wp\/v2\/posts\/386437","targetHints":{"allow":["GET"]}}],"collection":[{"href":"https:\/\/analyse.optim.biz\/index.php?rest_route=\/wp\/v2\/posts"}],"about":[{"href":"https:\/\/analyse.optim.biz\/index.php?rest_route=\/wp\/v2\/types\/post"}],"author":[{"embeddable":true,"href":"https:\/\/analyse.optim.biz\/index.php?rest_route=\/wp\/v2\/users\/1"}],"replies":[{"embeddable":true,"href":"https:\/\/analyse.optim.biz\/index.php?rest_route=%2Fwp%2Fv2%2Fcomments&post=386437"}],"version-history":[{"count":0,"href":"https:\/\/analyse.optim.biz\/index.php?rest_route=\/wp\/v2\/posts\/386437\/revisions"}],"wp:featuredmedia":[{"embeddable":true,"href":"https:\/\/analyse.optim.biz\/index.php?rest_route=\/wp\/v2\/media\/386438"}],"wp:attachment":[{"href":"https:\/\/analyse.optim.biz\/index.php?rest_route=%2Fwp%2Fv2%2Fmedia&parent=386437"}],"wp:term":[{"taxonomy":"category","embeddable":true,"href":"https:\/\/analyse.optim.biz\/index.php?rest_route=%2Fwp%2Fv2%2Fcategories&post=386437"},{"taxonomy":"post_tag","embeddable":true,"href":"https:\/\/analyse.optim.biz\/index.php?rest_route=%2Fwp%2Fv2%2Ftags&post=386437"}],"curies":[{"name":"wp","href":"https:\/\/api.w.org\/{rel}","templated":true}]}}