{"id":386393,"date":"2014-09-17T11:30:00","date_gmt":"2014-09-17T08:30:00","guid":{"rendered":"https:\/\/analyse.optim.biz\/?p=386393"},"modified":"2014-09-17T11:30:00","modified_gmt":"2014-09-17T08:30:00","slug":"cedo-cere-redeschiderea-dosarului-mineriadei-din-1990","status":"publish","type":"post","link":"https:\/\/analyse.optim.biz\/?p=386393","title":{"rendered":"CEDO cere redeschiderea dosarului Mineriadei din 1990"},"content":{"rendered":"<div class=\"description\" data-key=\"description\">Rom\u00e2nia este obligat\u0103 s\u0103 continue investiga\u0163iile \u00een dosarul Mineriadei, a decis Curtea European\u0103 a Drepturilor Omului, subliniind obliga\u0163ia statului de a face dreptate victimelor crimelor \u00eempotriva umanit\u0103\u0163ii<\/div>\n<div class=\"articleBody\" data-key=\"articleBody\">Rom\u00e2nia este obligat\u0103 s\u0103 continue investiga\u0163iile \u00een dosarul Mineriadei, a decis Curtea European\u0103 a Drepturilor Omului, subliniind obliga\u0163ia statului de a face dreptate victimelor crimelor \u00eempotriva umanit\u0103\u0163ii<br \/>\nMarea Camer\u0103 a CEDO a f\u0103cut azi public verdictul \u00een cauza Mocanu \u015fi al\u0163ii \u00eempotriva Rom\u00e2niei, constat\u00e2nd \u00eenc\u0103lcarea de c\u0103tre Rom\u00e2nia a articolelor 2, 3 \u015fi 6 din Conven\u0163ia european\u0103 a drepturilor omului, dup\u0103 ce reclaman\u0163ii Anca Mocanu, Marin Stoica \u015fi Asocia\u0163ia 21 Decembrie 1989 s-au pl\u00e2ns de ineficien\u0163a cercet\u0103rilor interne cu privire la evenimentele din 13 &#8211; 15 iunie 1990, potrivit Mediafax.<br \/>\nDe\u015fi dosarul une\u015fte trei cazuri, decizia \u00eei face dreptate \u015fi lui Marin Stoica, dup\u0103 ce CEDO se pronun\u0163ase deja \u00een 2012 \u00een favoarea celorlal\u0163i doi peten\u0163i.<br \/>\nDup\u0103 opt ani de anchete, declara\u0163ii, expertize IML, cazul Mineriadei, inclusiv \u00een ceea ce-l privea pe Marin Stoica, a fost solu\u0163ionat de Parchetul de pe l\u00e2ng\u0103 \u00cenalta Curte de Casa\u0163ie \u015fi Justi\u0163ie cu ne\u00eenceperea urm\u0103ririi penale.<br \/>\nLa CEDO dosarul Stoica a fost conexat cu alte dou\u0103 ale Mineriadei, respectiv al Anc\u0103i Mocanu, al c\u0103rei so\u0163 a fost omor\u00e2t, \u015fi al Asocia\u0163iei 21 Decembrie 1989, al c\u0103rei sediu fusese devastat de mineri, cauza fiind denumit\u0103 &#8220;Mocanu \u015fi al\u0163ii contra Rom\u00e2niei&#8221;.<br \/>\nReclaman\u0163ii s-au pl\u00e2ns de lipsa unei anchete eficiente, impar\u0163iale \u015fi aprofundate pentru identificarea \u015fi pedepsirea celor responsabili pentru reprimarea violent\u0103 a demonstra\u0163iilor din 13 \u015fi 14 iunie 1990.<br \/>\n\u00cen 2012, CEDO le-a dat c\u00e2\u015ftig de cauz\u0103 Anc\u0103i Mocanu \u015fi Asocia\u0163iei 21 Decembrie 1989, \u00een timp ce Stoica a pierdut pe motiv c\u0103 s-ar fi pl\u00e2ns prea t\u00e2rziu \u00een \u0163ar\u0103.<br \/>\n\u00cen ceea ce prive\u015fte cheltuielile de judecat\u0103, statul rom\u00e2n trebuie s\u0103 le pl\u0103teasc\u0103 Anc\u0103i Mocanu \u015fi Asocia\u0163iei &#8220;21 Decembrie 1989&#8221; suma de 2.200 de euro, iar lui Marin Stoica suma de 9.868,92 euro, care \u00eei va fi remis\u0103 direct Dianei Hatneanu.<\/p>\n<p>Mineriada din iunie 1990 a avut loc \u00een perioada 13-15 iunie 1990 \u00een Bucure\u0219ti, c\u00e2nd for\u021bele de ordine, sus\u021binute de mineri, au intervenit \u00een for\u021b\u0103 \u00eempotriva protestatarilor din Pia\u021ba Universit\u0103\u021bii \u0219i a popula\u021biei civile. A fost considerat\u0103 cea mai s\u00e2ngeroas\u0103, cea mai brutal\u0103 ca stil \u0219i anvergur\u0103 dintre toate ac\u021biunile minerilor.<\/p><\/div>\n<p> Source URL: https:\/\/observatornews.ro\/politic\/cedo-cere-redeschiderea-dosarului-mineriadei-din-1990-135168.html<\/p>\n","protected":false},"excerpt":{"rendered":"<p>Rom\u00e2nia este obligat\u0103 s\u0103 continue investiga\u0163iile \u00een dosarul Mineriadei, a decis Curtea European\u0103 a Drepturilor Omului, subliniind obliga\u0163ia statului de a face dreptate victimelor crimelor \u00eempotriva umanit\u0103\u0163ii Rom\u00e2nia este obligat\u0103 s\u0103 continue investiga\u0163iile \u00een dosarul Mineriadei, a decis Curtea European\u0103 a Drepturilor Omului, subliniind obliga\u0163ia statului de a face dreptate victimelor crimelor \u00eempotriva umanit\u0103\u0163ii Marea [&hellip;]<\/p>\n","protected":false},"author":1,"featured_media":0,"comment_status":"open","ping_status":"","sticky":false,"template":"","format":"standard","meta":{"footnotes":""},"categories":[2],"tags":[30],"class_list":["post-386393","post","type-post","status-publish","format-standard","hentry","category-politics","tag-observatornews-ro"],"_links":{"self":[{"href":"https:\/\/analyse.optim.biz\/index.php?rest_route=\/wp\/v2\/posts\/386393","targetHints":{"allow":["GET"]}}],"collection":[{"href":"https:\/\/analyse.optim.biz\/index.php?rest_route=\/wp\/v2\/posts"}],"about":[{"href":"https:\/\/analyse.optim.biz\/index.php?rest_route=\/wp\/v2\/types\/post"}],"author":[{"embeddable":true,"href":"https:\/\/analyse.optim.biz\/index.php?rest_route=\/wp\/v2\/users\/1"}],"replies":[{"embeddable":true,"href":"https:\/\/analyse.optim.biz\/index.php?rest_route=%2Fwp%2Fv2%2Fcomments&post=386393"}],"version-history":[{"count":0,"href":"https:\/\/analyse.optim.biz\/index.php?rest_route=\/wp\/v2\/posts\/386393\/revisions"}],"wp:attachment":[{"href":"https:\/\/analyse.optim.biz\/index.php?rest_route=%2Fwp%2Fv2%2Fmedia&parent=386393"}],"wp:term":[{"taxonomy":"category","embeddable":true,"href":"https:\/\/analyse.optim.biz\/index.php?rest_route=%2Fwp%2Fv2%2Fcategories&post=386393"},{"taxonomy":"post_tag","embeddable":true,"href":"https:\/\/analyse.optim.biz\/index.php?rest_route=%2Fwp%2Fv2%2Ftags&post=386393"}],"curies":[{"name":"wp","href":"https:\/\/api.w.org\/{rel}","templated":true}]}}