{"id":386392,"date":"2014-09-17T15:27:00","date_gmt":"2014-09-17T12:27:00","guid":{"rendered":"https:\/\/analyse.optim.biz\/?p=386392"},"modified":"2014-09-17T15:27:00","modified_gmt":"2014-09-17T12:27:00","slug":"victor-ponta-si-a-lansat-candidatura-la-bec","status":"publish","type":"post","link":"https:\/\/analyse.optim.biz\/?p=386392","title":{"rendered":"Victor Ponta \u0219i-a lansat candidatura la BEC!"},"content":{"rendered":"<div class=\"description\" data-key=\"description\">Actualul premier al Rom\u00e2niei a devenit, \u00een mod oficial, candidatul la pre\u0219edin\u021bie al Alian\u0163ei Electorale PSD-UNPR-PC<\/div>\n<div class=\"articleBody\" data-key=\"articleBody\">Actualul premier al Rom\u00e2niei a devenit, \u00een mod oficial, candidatul la pre\u0219edin\u021bie al Alian\u0163ei Electorale PSD-UNPR-PC\u00a0<br \/>\n\u00cenregistrarea s-a produs \u00een aceast\u0103 sear\u0103, la ora 18.00, la sediul Biroului Electoral Central. Ponta este cotat, \u00een acest moment, drept favoritul principal la c\u00e2\u0219tigarea alegerilor preziden\u021biale.<br \/>\nPonta a fost \u00eenso\u0163it la sediul BEC de so\u0163ia sa, Daciana S\u00e2rbu, de lideri ai PSD \u015fi de liderii UNPR \u015fi PC, respectiv vicepremierii Gabriel Oprea \u015fi Daniel Constantin. De la lansarea candidaturii nu a lipsit nici fostul ministru PSD al Educa\u0163iei, Ecaterina Andronescu.<\/div>\n<p> Source URL: https:\/\/observatornews.ro\/politic\/victor-ponta-ia-lansat-candidatura-la-bec-135183.html<\/p>\n","protected":false},"excerpt":{"rendered":"<p>Actualul premier al Rom\u00e2niei a devenit, \u00een mod oficial, candidatul la pre\u0219edin\u021bie al Alian\u0163ei Electorale PSD-UNPR-PC Actualul premier al Rom\u00e2niei a devenit, \u00een mod oficial, candidatul la pre\u0219edin\u021bie al Alian\u0163ei Electorale PSD-UNPR-PC\u00a0 \u00cenregistrarea s-a produs \u00een aceast\u0103 sear\u0103, la ora 18.00, la sediul Biroului Electoral Central. Ponta este cotat, \u00een acest moment, drept favoritul principal [&hellip;]<\/p>\n","protected":false},"author":1,"featured_media":0,"comment_status":"open","ping_status":"","sticky":false,"template":"","format":"standard","meta":{"footnotes":""},"categories":[2],"tags":[30],"class_list":["post-386392","post","type-post","status-publish","format-standard","hentry","category-politics","tag-observatornews-ro"],"_links":{"self":[{"href":"https:\/\/analyse.optim.biz\/index.php?rest_route=\/wp\/v2\/posts\/386392","targetHints":{"allow":["GET"]}}],"collection":[{"href":"https:\/\/analyse.optim.biz\/index.php?rest_route=\/wp\/v2\/posts"}],"about":[{"href":"https:\/\/analyse.optim.biz\/index.php?rest_route=\/wp\/v2\/types\/post"}],"author":[{"embeddable":true,"href":"https:\/\/analyse.optim.biz\/index.php?rest_route=\/wp\/v2\/users\/1"}],"replies":[{"embeddable":true,"href":"https:\/\/analyse.optim.biz\/index.php?rest_route=%2Fwp%2Fv2%2Fcomments&post=386392"}],"version-history":[{"count":0,"href":"https:\/\/analyse.optim.biz\/index.php?rest_route=\/wp\/v2\/posts\/386392\/revisions"}],"wp:attachment":[{"href":"https:\/\/analyse.optim.biz\/index.php?rest_route=%2Fwp%2Fv2%2Fmedia&parent=386392"}],"wp:term":[{"taxonomy":"category","embeddable":true,"href":"https:\/\/analyse.optim.biz\/index.php?rest_route=%2Fwp%2Fv2%2Fcategories&post=386392"},{"taxonomy":"post_tag","embeddable":true,"href":"https:\/\/analyse.optim.biz\/index.php?rest_route=%2Fwp%2Fv2%2Ftags&post=386392"}],"curies":[{"name":"wp","href":"https:\/\/api.w.org\/{rel}","templated":true}]}}