{"id":386237,"date":"2014-10-18T13:22:00","date_gmt":"2014-10-18T10:22:00","guid":{"rendered":"https:\/\/analyse.optim.biz\/?p=386237"},"modified":"2014-10-18T13:22:00","modified_gmt":"2014-10-18T10:22:00","slug":"adrian-duicu-in-arest-la-domiciliu","status":"publish","type":"post","link":"https:\/\/analyse.optim.biz\/?p=386237","title":{"rendered":"Adrian Duicu, \u00een AREST LA DOMICILIU!"},"content":{"rendered":"<div class=\"description\" data-key=\"description\">Adrian Duicu scap\u0103 ast\u0103zi de arest, dup\u0103 \u015fase luni \u015fi jum\u0103tate. Procurorii nu au mai contestat decizia de \u00eenlocuire a arestului preventiv cu m\u0103sura arestului la domiciliu<\/div>\n<div class=\"articleBody\" data-key=\"articleBody\">\nAdrian Duicu scap\u0103 ast\u0103zi de arest, dup\u0103 \u015fase luni \u015fi jum\u0103tate. Procurorii nu au mai contestat decizia de \u00eenlocuire a arestului preventiv cu m\u0103sura arestului la domiciliu<br \/>\nEliberarea a fost decis\u0103 de Curtea de Apel, informeaz\u0103 Antena3.<br \/>\nFostul pre\u015fedinte al Consiliului Jude\u0163ean Mehedin\u0163i este din 4 aprilie la penitenciarul Rahova, av\u00e2nd \u00een spate o list\u0103 lung\u0103 de acuza\u0163ii, printre care abuz \u00een serviciu \u015fi trafic de influen\u0163\u0103. <\/div>\n<p> Source URL: https:\/\/observatornews.ro\/politic\/adrian-duicu-in-arest-la-domiciliu-137311.html<\/p>\n","protected":false},"excerpt":{"rendered":"<p>Adrian Duicu scap\u0103 ast\u0103zi de arest, dup\u0103 \u015fase luni \u015fi jum\u0103tate. Procurorii nu au mai contestat decizia de \u00eenlocuire a arestului preventiv cu m\u0103sura arestului la domiciliu Adrian Duicu scap\u0103 ast\u0103zi de arest, dup\u0103 \u015fase luni \u015fi jum\u0103tate. Procurorii nu au mai contestat decizia de \u00eenlocuire a arestului preventiv cu m\u0103sura arestului la domiciliu Eliberarea [&hellip;]<\/p>\n","protected":false},"author":1,"featured_media":0,"comment_status":"open","ping_status":"","sticky":false,"template":"","format":"standard","meta":{"footnotes":""},"categories":[2],"tags":[30],"class_list":["post-386237","post","type-post","status-publish","format-standard","hentry","category-politics","tag-observatornews-ro"],"_links":{"self":[{"href":"https:\/\/analyse.optim.biz\/index.php?rest_route=\/wp\/v2\/posts\/386237","targetHints":{"allow":["GET"]}}],"collection":[{"href":"https:\/\/analyse.optim.biz\/index.php?rest_route=\/wp\/v2\/posts"}],"about":[{"href":"https:\/\/analyse.optim.biz\/index.php?rest_route=\/wp\/v2\/types\/post"}],"author":[{"embeddable":true,"href":"https:\/\/analyse.optim.biz\/index.php?rest_route=\/wp\/v2\/users\/1"}],"replies":[{"embeddable":true,"href":"https:\/\/analyse.optim.biz\/index.php?rest_route=%2Fwp%2Fv2%2Fcomments&post=386237"}],"version-history":[{"count":0,"href":"https:\/\/analyse.optim.biz\/index.php?rest_route=\/wp\/v2\/posts\/386237\/revisions"}],"wp:attachment":[{"href":"https:\/\/analyse.optim.biz\/index.php?rest_route=%2Fwp%2Fv2%2Fmedia&parent=386237"}],"wp:term":[{"taxonomy":"category","embeddable":true,"href":"https:\/\/analyse.optim.biz\/index.php?rest_route=%2Fwp%2Fv2%2Fcategories&post=386237"},{"taxonomy":"post_tag","embeddable":true,"href":"https:\/\/analyse.optim.biz\/index.php?rest_route=%2Fwp%2Fv2%2Ftags&post=386237"}],"curies":[{"name":"wp","href":"https:\/\/api.w.org\/{rel}","templated":true}]}}