{"id":386078,"date":"2014-11-03T05:34:15","date_gmt":"2014-11-03T02:34:15","guid":{"rendered":"https:\/\/analyse.optim.biz\/?p=386078"},"modified":"2014-11-03T05:34:15","modified_gmt":"2014-11-03T02:34:15","slug":"romania-alege-dar-ce-se-alege-de-romania-solidari-cu-romanii-din-diaspora","status":"publish","type":"post","link":"https:\/\/analyse.optim.biz\/?p=386078","title":{"rendered":"Rom\u00e2nia alege, dar ce se alege de Rom\u00e2nia \/ Solidari cu rom\u00e2nii din diaspora"},"content":{"rendered":"<div class=\"description\" data-key=\"description\">Problemele rom\u00e2nilor din diaspora au dus la izbucnirea unor proteste \u00een \u0163ar\u0103. Zeci de oameni au manifestat \u00een fa\u0163a Ministerului de Externe, nemul\u0163umi\u0163i c\u0103 rudele \u015fi prietenii lor au a\u015fteptat ore \u00eentregi la coad\u0103 ca s\u0103 voteze.<\/div>\n<div class=\"articleBody\" data-key=\"articleBody\">Problemele rom\u00e2nilor din diaspora au dus la izbucnirea unor proteste \u00een \u0163ar\u0103. Zeci de oameni au manifestat \u00een fa\u0163a Ministerului de Externe, nemul\u0163umi\u0163i c\u0103 rudele \u015fi prietenii lor au a\u015fteptat ore \u00eentregi la coad\u0103 ca s\u0103 voteze.\u00a0<br \/>\n\u00cen fa\u0163a prefecturii din Cluj-Napoca, protestul s-a \u00eencheiat violent. A fost nevoie de interven\u0163ia poili\u0163iei ca s\u0103-i lini\u015fteasc\u0103 pe doi tineri din tabere politice opuse.<br \/>\nCeilal\u0163i oameni au venit s\u0103-\u015fi arate solidaritatea fa\u0163\u0103 de rom\u00e2nii din str\u0103inante, care s-au a\u015fezat la cozi infernale ca s\u0103 poat\u0103 vota.\u00a0Aleg\u0103torii din diaspora n-au fost uita\u0163i nici \u00een capital\u0103. Rudele \u015fi prietenii lor au cerut explica\u0163ii \u00een fa\u0163a Ministerului de Externe.<br \/>\nStuden\u0163ii au avut mai mult de a\u015fteptat, pentru c\u0103 fiecare dintre ei a completat o declara\u0163ie pe proprie r\u0103spundere c\u0103 nu va vota \u00een alt\u0103 sec\u0163ie.<\/div>\n<p> Source URL: https:\/\/observatornews.ro\/politic\/romania-alege-dar-ce-se-alege-de-romania-solidari-cu-romanii-din-diaspora-138291.html<\/p>\n","protected":false},"excerpt":{"rendered":"<p>Problemele rom\u00e2nilor din diaspora au dus la izbucnirea unor proteste \u00een \u0163ar\u0103. Zeci de oameni au manifestat \u00een fa\u0163a Ministerului de Externe, nemul\u0163umi\u0163i c\u0103 rudele \u015fi prietenii lor au a\u015fteptat ore \u00eentregi la coad\u0103 ca s\u0103 voteze. Problemele rom\u00e2nilor din diaspora au dus la izbucnirea unor proteste \u00een \u0163ar\u0103. Zeci de oameni au manifestat \u00een [&hellip;]<\/p>\n","protected":false},"author":1,"featured_media":386079,"comment_status":"open","ping_status":"","sticky":false,"template":"","format":"standard","meta":{"footnotes":""},"categories":[2],"tags":[30],"class_list":["post-386078","post","type-post","status-publish","format-standard","has-post-thumbnail","hentry","category-politics","tag-observatornews-ro"],"_links":{"self":[{"href":"https:\/\/analyse.optim.biz\/index.php?rest_route=\/wp\/v2\/posts\/386078","targetHints":{"allow":["GET"]}}],"collection":[{"href":"https:\/\/analyse.optim.biz\/index.php?rest_route=\/wp\/v2\/posts"}],"about":[{"href":"https:\/\/analyse.optim.biz\/index.php?rest_route=\/wp\/v2\/types\/post"}],"author":[{"embeddable":true,"href":"https:\/\/analyse.optim.biz\/index.php?rest_route=\/wp\/v2\/users\/1"}],"replies":[{"embeddable":true,"href":"https:\/\/analyse.optim.biz\/index.php?rest_route=%2Fwp%2Fv2%2Fcomments&post=386078"}],"version-history":[{"count":0,"href":"https:\/\/analyse.optim.biz\/index.php?rest_route=\/wp\/v2\/posts\/386078\/revisions"}],"wp:featuredmedia":[{"embeddable":true,"href":"https:\/\/analyse.optim.biz\/index.php?rest_route=\/wp\/v2\/media\/386079"}],"wp:attachment":[{"href":"https:\/\/analyse.optim.biz\/index.php?rest_route=%2Fwp%2Fv2%2Fmedia&parent=386078"}],"wp:term":[{"taxonomy":"category","embeddable":true,"href":"https:\/\/analyse.optim.biz\/index.php?rest_route=%2Fwp%2Fv2%2Fcategories&post=386078"},{"taxonomy":"post_tag","embeddable":true,"href":"https:\/\/analyse.optim.biz\/index.php?rest_route=%2Fwp%2Fv2%2Ftags&post=386078"}],"curies":[{"name":"wp","href":"https:\/\/api.w.org\/{rel}","templated":true}]}}