{"id":386049,"date":"2014-11-03T11:16:18","date_gmt":"2014-11-03T08:16:18","guid":{"rendered":"https:\/\/analyse.optim.biz\/?p=386049"},"modified":"2014-11-03T11:16:18","modified_gmt":"2014-11-03T08:16:18","slug":"romania-alege-dar-ce-se-alege-de-romania-bilantul-fraudelor-si-neregulilor-din-ziua-alegerilor-prezidentiale","status":"publish","type":"post","link":"https:\/\/analyse.optim.biz\/?p=386049","title":{"rendered":"Rom\u00e2nia alege, dar ce se alege de Rom\u00e2nia \/ Bilan\u0163ul fraudelor \u015fi neregulilor din ziua alegerilor preziden\u021biale"},"content":{"rendered":"<div class=\"description\" data-key=\"description\">Ministerul de Interne a prezentat \u00een urm\u0103 cu pu\u0163in timp bilan\u0163ul fraudelor \u015fi neregulilor din ziua alegerilor. P\u00e2n\u0103 acum, au fost \u00eentocmite peste 60 de dosare penale \u015fi s-au dat peste 40 de amenzi.<\/div>\n<div class=\"articleBody\" data-key=\"articleBody\">Ministerul de Interne a prezentat \u00een urm\u0103 cu pu\u0163in timp bilan\u0163ul fraudelor \u015fi neregulilor din ziua alegerilor. P\u00e2n\u0103 acum, au fost \u00eentocmite peste 60 de dosare penale \u015fi s-au dat peste 40 de amenzi.\u00a0<\/div>\n<p> Source URL: https:\/\/observatornews.ro\/politic\/romania-alege-dar-ce-se-alege-de-romania-bilantul-fraudelor-si-neregulilor-din-ziua-alegerilor-prezideniale-138332.html<\/p>\n","protected":false},"excerpt":{"rendered":"<p>Ministerul de Interne a prezentat \u00een urm\u0103 cu pu\u0163in timp bilan\u0163ul fraudelor \u015fi neregulilor din ziua alegerilor. P\u00e2n\u0103 acum, au fost \u00eentocmite peste 60 de dosare penale \u015fi s-au dat peste 40 de amenzi. Ministerul de Interne a prezentat \u00een urm\u0103 cu pu\u0163in timp bilan\u0163ul fraudelor \u015fi neregulilor din ziua alegerilor. P\u00e2n\u0103 acum, au fost [&hellip;]<\/p>\n","protected":false},"author":1,"featured_media":386050,"comment_status":"open","ping_status":"","sticky":false,"template":"","format":"standard","meta":{"footnotes":""},"categories":[2],"tags":[30],"class_list":["post-386049","post","type-post","status-publish","format-standard","has-post-thumbnail","hentry","category-politics","tag-observatornews-ro"],"_links":{"self":[{"href":"https:\/\/analyse.optim.biz\/index.php?rest_route=\/wp\/v2\/posts\/386049","targetHints":{"allow":["GET"]}}],"collection":[{"href":"https:\/\/analyse.optim.biz\/index.php?rest_route=\/wp\/v2\/posts"}],"about":[{"href":"https:\/\/analyse.optim.biz\/index.php?rest_route=\/wp\/v2\/types\/post"}],"author":[{"embeddable":true,"href":"https:\/\/analyse.optim.biz\/index.php?rest_route=\/wp\/v2\/users\/1"}],"replies":[{"embeddable":true,"href":"https:\/\/analyse.optim.biz\/index.php?rest_route=%2Fwp%2Fv2%2Fcomments&post=386049"}],"version-history":[{"count":0,"href":"https:\/\/analyse.optim.biz\/index.php?rest_route=\/wp\/v2\/posts\/386049\/revisions"}],"wp:featuredmedia":[{"embeddable":true,"href":"https:\/\/analyse.optim.biz\/index.php?rest_route=\/wp\/v2\/media\/386050"}],"wp:attachment":[{"href":"https:\/\/analyse.optim.biz\/index.php?rest_route=%2Fwp%2Fv2%2Fmedia&parent=386049"}],"wp:term":[{"taxonomy":"category","embeddable":true,"href":"https:\/\/analyse.optim.biz\/index.php?rest_route=%2Fwp%2Fv2%2Fcategories&post=386049"},{"taxonomy":"post_tag","embeddable":true,"href":"https:\/\/analyse.optim.biz\/index.php?rest_route=%2Fwp%2Fv2%2Ftags&post=386049"}],"curies":[{"name":"wp","href":"https:\/\/api.w.org\/{rel}","templated":true}]}}