{"id":385974,"date":"2014-11-04T12:19:00","date_gmt":"2014-11-04T09:19:00","guid":{"rendered":"https:\/\/analyse.optim.biz\/?p=385974"},"modified":"2014-11-04T12:19:00","modified_gmt":"2014-11-04T09:19:00","slug":"romania-alege-dar-ce-se-alege-de-romania-prm-il-sustine-pe-ponta-in-turul-ii-la-prezidentiale","status":"publish","type":"post","link":"https:\/\/analyse.optim.biz\/?p=385974","title":{"rendered":"Rom\u00e2nia alege, dar ce se alege de Rom\u00e2nia! PRM \u00eel sus\u0163ine pe Ponta \u00een turul II la preziden\u0163iale"},"content":{"rendered":"<div class=\"description\" data-key=\"description\">Pre\u015fedintele PRM, Corneliu Vadim Tudor, \u00eel va sprijini pe candidatul PSD-UNPR-PC, Victor Ponta, la turul al doilea al alegerilor preziden\u0163iale<\/div>\n<div class=\"articleBody\" data-key=\"articleBody\">Pre\u015fedintele PRM, Corneliu Vadim Tudor, \u00eel va sprijini pe candidatul PSD-UNPR-PC, Victor Ponta, la turul al doilea al alegerilor preziden\u0163iale<br \/>\nAnun\u0163ul Partidului Rom\u00e2nia Mare vine dup\u0103 ce pre\u015fedintele PSD, Victor Ponta, le-a spus ast\u0103zi aleg\u0103torilor lui T\u0103riceanu, Mele\u015fcanu, Dan Diaconescu, Vadim Tudor \u015fi ai celorlal\u0163i c\u0103 \u00eei poate reprezenta el.<br \/>\nUNPR a anun\u0163at, mar\u0163i, c\u0103 a \u00eencheiat un protocol de colaborare cu PRM privind sus\u0163inerea candidaturii lui Victor Ponta \u00een turul al II-lea al alegerilor preziden\u0163iale, informeaz\u0103 un comunicat al Uniunii.<br \/>\n&#8220;Uniunea Na\u0163ional\u0103 pentru Progresul Rom\u00e2niei a \u00eencheiat mar\u0163i, 4 noiembrie 2014, un Protocol de colaborare cu Partidul Rom\u00e2nia Mare (PRM) privind sus\u0163inerea candidaturii domnului Victor Ponta \u00een turul al II-lea al alegerilor preziden\u0163ale din data de 16 noiembrie 2014&#8221;, se arat\u0103 \u00een comunicatul transmis de UNPR, conform Antena3.<br \/>\nProtocolul a fost semnat de pre\u015fedintele UNPR Gabriel Oprea \u015fi de pre\u015fedintele PRM Corneliu Vadim Tudor.\n<\/div>\n<p> Source URL: https:\/\/observatornews.ro\/politic\/romania-alege-dar-ce-se-alege-de-romania-prm-il-sustine-pe-ponta-in-turul-ii-la-prezidentiale-138418.html<\/p>\n","protected":false},"excerpt":{"rendered":"<p>Pre\u015fedintele PRM, Corneliu Vadim Tudor, \u00eel va sprijini pe candidatul PSD-UNPR-PC, Victor Ponta, la turul al doilea al alegerilor preziden\u0163iale Pre\u015fedintele PRM, Corneliu Vadim Tudor, \u00eel va sprijini pe candidatul PSD-UNPR-PC, Victor Ponta, la turul al doilea al alegerilor preziden\u0163iale Anun\u0163ul Partidului Rom\u00e2nia Mare vine dup\u0103 ce pre\u015fedintele PSD, Victor Ponta, le-a spus ast\u0103zi aleg\u0103torilor [&hellip;]<\/p>\n","protected":false},"author":1,"featured_media":0,"comment_status":"open","ping_status":"","sticky":false,"template":"","format":"standard","meta":{"footnotes":""},"categories":[2],"tags":[30],"class_list":["post-385974","post","type-post","status-publish","format-standard","hentry","category-politics","tag-observatornews-ro"],"_links":{"self":[{"href":"https:\/\/analyse.optim.biz\/index.php?rest_route=\/wp\/v2\/posts\/385974","targetHints":{"allow":["GET"]}}],"collection":[{"href":"https:\/\/analyse.optim.biz\/index.php?rest_route=\/wp\/v2\/posts"}],"about":[{"href":"https:\/\/analyse.optim.biz\/index.php?rest_route=\/wp\/v2\/types\/post"}],"author":[{"embeddable":true,"href":"https:\/\/analyse.optim.biz\/index.php?rest_route=\/wp\/v2\/users\/1"}],"replies":[{"embeddable":true,"href":"https:\/\/analyse.optim.biz\/index.php?rest_route=%2Fwp%2Fv2%2Fcomments&post=385974"}],"version-history":[{"count":0,"href":"https:\/\/analyse.optim.biz\/index.php?rest_route=\/wp\/v2\/posts\/385974\/revisions"}],"wp:attachment":[{"href":"https:\/\/analyse.optim.biz\/index.php?rest_route=%2Fwp%2Fv2%2Fmedia&parent=385974"}],"wp:term":[{"taxonomy":"category","embeddable":true,"href":"https:\/\/analyse.optim.biz\/index.php?rest_route=%2Fwp%2Fv2%2Fcategories&post=385974"},{"taxonomy":"post_tag","embeddable":true,"href":"https:\/\/analyse.optim.biz\/index.php?rest_route=%2Fwp%2Fv2%2Ftags&post=385974"}],"curies":[{"name":"wp","href":"https:\/\/api.w.org\/{rel}","templated":true}]}}