{"id":385454,"date":"2014-11-19T07:02:00","date_gmt":"2014-11-19T04:02:00","guid":{"rendered":"https:\/\/analyse.optim.biz\/?p=385454"},"modified":"2014-11-19T07:02:00","modified_gmt":"2014-11-19T04:02:00","slug":"ponta-a-intrat-intr-un-scurt-concediu","status":"publish","type":"post","link":"https:\/\/analyse.optim.biz\/?p=385454","title":{"rendered":"Ponta a intrat \u00eentr-un scurt concediu"},"content":{"rendered":"<div class=\"description\" data-key=\"description\">Premierul Victor Ponta \u015fi-a delegat, prin decizie, atribu\u0163iile de coordonare a Guvernului c\u0103tre vicepremierul Gabriel Oprea, decizia urm\u00e2nd s\u0103 fie aplicat\u0103 \u00een perioada 19-24 noiembrie<\/div>\n<div class=\"articleBody\" data-key=\"articleBody\">Premierul Victor Ponta \u015fi-a delegat, prin decizie, atribu\u0163iile de coordonare a Guvernului c\u0103tre vicepremierul Gabriel Oprea, decizia urm\u00e2nd s\u0103 fie aplicat\u0103 \u00een perioada 19-24 noiembrie<br \/>\nPotrivit Mediafax, premierul Victor Ponta va intra \u00eentr-un scurt concediu, p\u00e2n\u0103 la \u00eenceputul s\u0103pt\u0103m\u00e2nii viitoare, interval \u00een care activitatea Guvernului va fi coordonat\u0103 de c\u0103tre vicepremierul Gabriel Oprea.<br \/>\nPremierul a sim\u0163it nevoia unei scurte perioade de odihn\u0103 dup\u0103 alegerile preziden\u0163iale, pe care le-a pierdut \u00een fa\u0163a lui Iohannis.<br \/>\n&#8220;\u00cen acest\u0103 sear\u0103, zilele urm\u0103toare, o s\u0103 stau pu\u0163in cu familia mea, care sufer\u0103 mai mult dec\u00e2t mine, dar m\u00e2ine avem \u015fedin\u0163\u0103 de Guvern \u015fi de s\u0103pt\u0103m\u00e2na viitoare ne facem datoria&#8221;, a precizat Ponta, luni.<br \/>\nPonta a pierdut alegerile preziden\u0163iale \u00een fa\u0163a lui Klaus Iohannis, care a ob\u0163inut 54,50% din voturi la turul doi al alegerilor.<\/div>\n<p> Source URL: https:\/\/observatornews.ro\/politic\/ponta-a-intrat-intrun-scurt-concediu-139410.html<\/p>\n","protected":false},"excerpt":{"rendered":"<p>Premierul Victor Ponta \u015fi-a delegat, prin decizie, atribu\u0163iile de coordonare a Guvernului c\u0103tre vicepremierul Gabriel Oprea, decizia urm\u00e2nd s\u0103 fie aplicat\u0103 \u00een perioada 19-24 noiembrie Premierul Victor Ponta \u015fi-a delegat, prin decizie, atribu\u0163iile de coordonare a Guvernului c\u0103tre vicepremierul Gabriel Oprea, decizia urm\u00e2nd s\u0103 fie aplicat\u0103 \u00een perioada 19-24 noiembrie Potrivit Mediafax, premierul Victor Ponta [&hellip;]<\/p>\n","protected":false},"author":1,"featured_media":0,"comment_status":"open","ping_status":"","sticky":false,"template":"","format":"standard","meta":{"footnotes":""},"categories":[2],"tags":[30],"class_list":["post-385454","post","type-post","status-publish","format-standard","hentry","category-politics","tag-observatornews-ro"],"_links":{"self":[{"href":"https:\/\/analyse.optim.biz\/index.php?rest_route=\/wp\/v2\/posts\/385454","targetHints":{"allow":["GET"]}}],"collection":[{"href":"https:\/\/analyse.optim.biz\/index.php?rest_route=\/wp\/v2\/posts"}],"about":[{"href":"https:\/\/analyse.optim.biz\/index.php?rest_route=\/wp\/v2\/types\/post"}],"author":[{"embeddable":true,"href":"https:\/\/analyse.optim.biz\/index.php?rest_route=\/wp\/v2\/users\/1"}],"replies":[{"embeddable":true,"href":"https:\/\/analyse.optim.biz\/index.php?rest_route=%2Fwp%2Fv2%2Fcomments&post=385454"}],"version-history":[{"count":0,"href":"https:\/\/analyse.optim.biz\/index.php?rest_route=\/wp\/v2\/posts\/385454\/revisions"}],"wp:attachment":[{"href":"https:\/\/analyse.optim.biz\/index.php?rest_route=%2Fwp%2Fv2%2Fmedia&parent=385454"}],"wp:term":[{"taxonomy":"category","embeddable":true,"href":"https:\/\/analyse.optim.biz\/index.php?rest_route=%2Fwp%2Fv2%2Fcategories&post=385454"},{"taxonomy":"post_tag","embeddable":true,"href":"https:\/\/analyse.optim.biz\/index.php?rest_route=%2Fwp%2Fv2%2Ftags&post=385454"}],"curies":[{"name":"wp","href":"https:\/\/api.w.org\/{rel}","templated":true}]}}