{"id":385453,"date":"2014-11-19T08:57:00","date_gmt":"2014-11-19T05:57:00","guid":{"rendered":"https:\/\/analyse.optim.biz\/?p=385453"},"modified":"2014-11-19T08:57:00","modified_gmt":"2014-11-19T05:57:00","slug":"moment-de-cumpana-klaus-iohannis-la-un-pas-de-moarte","status":"publish","type":"post","link":"https:\/\/analyse.optim.biz\/?p=385453","title":{"rendered":"Moment de cump\u0103n\u0103! KLAUS IOHANNIS, la un pas de moarte"},"content":{"rendered":"<div class=\"description\" data-key=\"description\">Noul pre\u015fedinte al rom\u00e2nilor a trecut printr-un moment de groaz\u0103! Acesta a v\u0103zut moartea cu ochii<\/div>\n<div class=\"articleBody\" data-key=\"articleBody\">Noul pre\u015fedinte al rom\u00e2nilor a trecut printr-un moment de groaz\u0103! Acesta a v\u0103zut moartea cu ochii<br \/>\nDesigur, s-a \u00eent\u00e2mplat \u00een urm\u0103 cu c\u00e2\u0163iva ani c\u00e2nd Klaus Iohannis s-a \u00eentors \u00een locurile \u00een care a copil\u0103rit, \u00een satul Bradu, jude\u0163ul Sibiu, acolo unde au tr\u0103it bunicii din partea mamei. Ace\u015ftia au plecat din Rom\u00e2nia \u00eenc\u0103 de la \u00eenceputul anilor \u201990, \u00eens\u0103 Iohannis s-a sim\u0163it mereu legat de aceste locuri.<br \/>\nAcesta poposit la casa bunicilor, care \u00een prezent e ocupat\u0103 de ni\u015fte prieteni din sat, \u015fi a \u00eencercat s\u0103-\u015fi aminteasc\u0103 de copil\u0103rie prin activit\u0103\u0163i pe care le practic\u0103 cu drag atunci c\u00e2nd era mic. Ghinionul a f\u0103cut s\u0103 mearg\u0103 \u015fi la f\u00e2nt\u00e2na din curte, de unde a \u00eencercat s\u0103 scoat\u0103 apa.<br \/>\nNumai c\u0103 Iohannis \u00ee\u015fi pierduse cu timpul din dexteritate, a\u015fa c\u0103 o mi\u015fcare gre\u015fit\u0103 a fost suficient\u0103 pentru a sc\u0103pa m\u00e2nerul coarbei, care sub greutatea gale\u0163ii cu ap\u0103, l-a lovit direct \u00een cap.<br \/>\n\u201eNe-am speriat to\u0163i, am crezut c\u0103 nu se mai ridic\u0103 de jos. A z\u0103cut c\u00e2teva minute le\u015finat. Am vrut s\u0103 chem\u0103m salvarea, \u00eens\u0103 c\u00e2nd s\u0103 form\u0103m num\u0103rul a deschis ochii \u015fi s-a ridicat de jos. Nu credeam c\u0103 e at\u00e2t de puternic \u015fi de rezistent. Dac\u0103 era altul, putea s\u0103 fie mort\u201d, a povestit un vecin din Bradu, conform Fanatik.\n<\/div>\n<p> Source URL: https:\/\/observatornews.ro\/politic\/moment-de-cumpana-klaus-iohannis-la-un-pas-de-moarte-139418.html<\/p>\n","protected":false},"excerpt":{"rendered":"<p>Noul pre\u015fedinte al rom\u00e2nilor a trecut printr-un moment de groaz\u0103! Acesta a v\u0103zut moartea cu ochii Noul pre\u015fedinte al rom\u00e2nilor a trecut printr-un moment de groaz\u0103! Acesta a v\u0103zut moartea cu ochii Desigur, s-a \u00eent\u00e2mplat \u00een urm\u0103 cu c\u00e2\u0163iva ani c\u00e2nd Klaus Iohannis s-a \u00eentors \u00een locurile \u00een care a copil\u0103rit, \u00een satul Bradu, jude\u0163ul [&hellip;]<\/p>\n","protected":false},"author":1,"featured_media":0,"comment_status":"open","ping_status":"","sticky":false,"template":"","format":"standard","meta":{"footnotes":""},"categories":[2],"tags":[30],"class_list":["post-385453","post","type-post","status-publish","format-standard","hentry","category-politics","tag-observatornews-ro"],"_links":{"self":[{"href":"https:\/\/analyse.optim.biz\/index.php?rest_route=\/wp\/v2\/posts\/385453","targetHints":{"allow":["GET"]}}],"collection":[{"href":"https:\/\/analyse.optim.biz\/index.php?rest_route=\/wp\/v2\/posts"}],"about":[{"href":"https:\/\/analyse.optim.biz\/index.php?rest_route=\/wp\/v2\/types\/post"}],"author":[{"embeddable":true,"href":"https:\/\/analyse.optim.biz\/index.php?rest_route=\/wp\/v2\/users\/1"}],"replies":[{"embeddable":true,"href":"https:\/\/analyse.optim.biz\/index.php?rest_route=%2Fwp%2Fv2%2Fcomments&post=385453"}],"version-history":[{"count":0,"href":"https:\/\/analyse.optim.biz\/index.php?rest_route=\/wp\/v2\/posts\/385453\/revisions"}],"wp:attachment":[{"href":"https:\/\/analyse.optim.biz\/index.php?rest_route=%2Fwp%2Fv2%2Fmedia&parent=385453"}],"wp:term":[{"taxonomy":"category","embeddable":true,"href":"https:\/\/analyse.optim.biz\/index.php?rest_route=%2Fwp%2Fv2%2Fcategories&post=385453"},{"taxonomy":"post_tag","embeddable":true,"href":"https:\/\/analyse.optim.biz\/index.php?rest_route=%2Fwp%2Fv2%2Ftags&post=385453"}],"curies":[{"name":"wp","href":"https:\/\/api.w.org\/{rel}","templated":true}]}}