{"id":385451,"date":"2014-11-19T10:21:00","date_gmt":"2014-11-19T07:21:00","guid":{"rendered":"https:\/\/analyse.optim.biz\/?p=385451"},"modified":"2014-11-19T10:21:00","modified_gmt":"2014-11-19T07:21:00","slug":"ccr-a-respins-anularea-alegerilor-ceremonia-de-validare-a-lui-iohannis-vineri","status":"publish","type":"post","link":"https:\/\/analyse.optim.biz\/?p=385451","title":{"rendered":"CCR a respins anularea alegerilor. Ceremonia de validare a lui Iohannis, vineri"},"content":{"rendered":"<div class=\"description\" data-key=\"description\">Judec\u0103torii Cur\u0163ii Constitu\u0163ionale au respins, miercuri, cele trei cereri de anulare a alegerilor preziden\u0163iale, pe motiv c\u0103 sunt inadmisibile<\/div>\n<div class=\"articleBody\" data-key=\"articleBody\">Judec\u0103torii Cur\u0163ii Constitu\u0163ionale au respins, miercuri, cele trei cereri de anulare a alegerilor preziden\u0163iale, pe motiv c\u0103 sunt inadmisibile<br \/>\nSolicit\u0103rile de anulare a alegerilor au fost repinse, pentru c\u0103 veneau din partea a trei persoane publice, \u015fi nu din partea celor care ar fi putut s\u0103 conteste alegerile.<br \/>\nConform Legii pentru alegerea pre\u015fedintelui, doar partidele politice, alian\u0163ele politice sau alian\u0163ele electorale, c\u00e2t \u015fi candida\u0163ii intra\u0163i \u00een curs\u0103 pot contesta alegerile, deci nu a fost cazul de fa\u0163\u0103, conform Antena3.<\/p>\n<p>Dou\u0103 dintre contesta\u0163ii au fost respinse din strat ca fiind inadmisibile.<br \/>\nCeremonia de confirmare a c\u00e2\u015ftig\u0103rii alegerilor de c\u0103tre Klaus Iohannis va avea loc vineri, dup\u0103 ce vor fi anun\u0163ate oficial \u015fi rezultalele finale ale alegerilor.<\/p><\/div>\n<p> Source URL: https:\/\/observatornews.ro\/politic\/ccr-a-respins-anularea-alegerilor-ceremonia-de-validare-a-lui-iohannis-vineri-139422.html<\/p>\n","protected":false},"excerpt":{"rendered":"<p>Judec\u0103torii Cur\u0163ii Constitu\u0163ionale au respins, miercuri, cele trei cereri de anulare a alegerilor preziden\u0163iale, pe motiv c\u0103 sunt inadmisibile Judec\u0103torii Cur\u0163ii Constitu\u0163ionale au respins, miercuri, cele trei cereri de anulare a alegerilor preziden\u0163iale, pe motiv c\u0103 sunt inadmisibile Solicit\u0103rile de anulare a alegerilor au fost repinse, pentru c\u0103 veneau din partea a trei persoane publice, [&hellip;]<\/p>\n","protected":false},"author":1,"featured_media":385452,"comment_status":"open","ping_status":"","sticky":false,"template":"","format":"standard","meta":{"footnotes":""},"categories":[2],"tags":[30],"class_list":["post-385451","post","type-post","status-publish","format-standard","has-post-thumbnail","hentry","category-politics","tag-observatornews-ro"],"_links":{"self":[{"href":"https:\/\/analyse.optim.biz\/index.php?rest_route=\/wp\/v2\/posts\/385451","targetHints":{"allow":["GET"]}}],"collection":[{"href":"https:\/\/analyse.optim.biz\/index.php?rest_route=\/wp\/v2\/posts"}],"about":[{"href":"https:\/\/analyse.optim.biz\/index.php?rest_route=\/wp\/v2\/types\/post"}],"author":[{"embeddable":true,"href":"https:\/\/analyse.optim.biz\/index.php?rest_route=\/wp\/v2\/users\/1"}],"replies":[{"embeddable":true,"href":"https:\/\/analyse.optim.biz\/index.php?rest_route=%2Fwp%2Fv2%2Fcomments&post=385451"}],"version-history":[{"count":0,"href":"https:\/\/analyse.optim.biz\/index.php?rest_route=\/wp\/v2\/posts\/385451\/revisions"}],"wp:featuredmedia":[{"embeddable":true,"href":"https:\/\/analyse.optim.biz\/index.php?rest_route=\/wp\/v2\/media\/385452"}],"wp:attachment":[{"href":"https:\/\/analyse.optim.biz\/index.php?rest_route=%2Fwp%2Fv2%2Fmedia&parent=385451"}],"wp:term":[{"taxonomy":"category","embeddable":true,"href":"https:\/\/analyse.optim.biz\/index.php?rest_route=%2Fwp%2Fv2%2Fcategories&post=385451"},{"taxonomy":"post_tag","embeddable":true,"href":"https:\/\/analyse.optim.biz\/index.php?rest_route=%2Fwp%2Fv2%2Ftags&post=385451"}],"curies":[{"name":"wp","href":"https:\/\/api.w.org\/{rel}","templated":true}]}}