{"id":385288,"date":"2014-11-26T14:20:00","date_gmt":"2014-11-26T11:20:00","guid":{"rendered":"https:\/\/analyse.optim.biz\/?p=385288"},"modified":"2014-11-26T14:20:00","modified_gmt":"2014-11-26T11:20:00","slug":"veste-buna-pentru-studentii-din-moldova-aflati-in-romania-vor-calatori-gratuit","status":"publish","type":"post","link":"https:\/\/analyse.optim.biz\/?p=385288","title":{"rendered":"Veste bun\u0103 pentru studen\u0163ii din Moldova afla\u0163i \u00een Rom\u00e2nia! Vor c\u0103l\u0103tori gratuit"},"content":{"rendered":"<div class=\"description\" data-key=\"description\">Studen\u0163ii \u015fi elevii din Republica Moldova, afla\u0163i la studii \u00een Rom\u00e2nia, vor avea posibilitatea s\u0103 c\u0103l\u0103toreasc\u0103 gratuit pe teritoriul Rom\u00e2niei pentru a vota la alegerile parlamentare din Moldova, programate pentru duminic\u0103<\/div>\n<div class=\"articleBody\" data-key=\"articleBody\">\nStuden\u0163ii \u015fi elevii din Republica Moldova, afla\u0163i la studii \u00een Rom\u00e2nia, vor avea posibilitatea s\u0103 c\u0103l\u0103toreasc\u0103 gratuit pe teritoriul Rom\u00e2niei pentru a vota la alegerile parlamentare din Moldova, programate pentru duminic\u0103<br \/>\nFacilitatea de transport va fi acordat\u0103 prin hot\u0103r\u00e2re de guvern.<br \/>\nPremierul Victor Ponta a anun\u0163at, la \u00eenceputul \u015fedin\u0163ei de guvern, c\u0103 Ministerul rom\u00e2n al Transporturilor va asigura gratuitate pe transportul public elevilor \u015fi studen\u0163ilor din Republica Moldova, cu ocazia alegerilor din \u0163ara vecin\u0103.<br \/>\nPonta a apreciat c\u0103, astfel, va fi facilitat accesul la sec\u0163iile de vot pentru studen\u0163ii moldoveni \u015fi a reiterat c\u0103 alegerile parlamentare din Republica Moldova sunt foarte importante pentru parcursul european al acestei \u0163\u0103ri.\n<\/div>\n<p> Source URL: https:\/\/observatornews.ro\/politic\/veste-buna-pentru-studentii-din-moldova-aflati-in-romania-vor-calatori-gratuit-139924.html<\/p>\n","protected":false},"excerpt":{"rendered":"<p>Studen\u0163ii \u015fi elevii din Republica Moldova, afla\u0163i la studii \u00een Rom\u00e2nia, vor avea posibilitatea s\u0103 c\u0103l\u0103toreasc\u0103 gratuit pe teritoriul Rom\u00e2niei pentru a vota la alegerile parlamentare din Moldova, programate pentru duminic\u0103 Studen\u0163ii \u015fi elevii din Republica Moldova, afla\u0163i la studii \u00een Rom\u00e2nia, vor avea posibilitatea s\u0103 c\u0103l\u0103toreasc\u0103 gratuit pe teritoriul Rom\u00e2niei pentru a vota la [&hellip;]<\/p>\n","protected":false},"author":1,"featured_media":0,"comment_status":"open","ping_status":"","sticky":false,"template":"","format":"standard","meta":{"footnotes":""},"categories":[2],"tags":[30],"class_list":["post-385288","post","type-post","status-publish","format-standard","hentry","category-politics","tag-observatornews-ro"],"_links":{"self":[{"href":"https:\/\/analyse.optim.biz\/index.php?rest_route=\/wp\/v2\/posts\/385288","targetHints":{"allow":["GET"]}}],"collection":[{"href":"https:\/\/analyse.optim.biz\/index.php?rest_route=\/wp\/v2\/posts"}],"about":[{"href":"https:\/\/analyse.optim.biz\/index.php?rest_route=\/wp\/v2\/types\/post"}],"author":[{"embeddable":true,"href":"https:\/\/analyse.optim.biz\/index.php?rest_route=\/wp\/v2\/users\/1"}],"replies":[{"embeddable":true,"href":"https:\/\/analyse.optim.biz\/index.php?rest_route=%2Fwp%2Fv2%2Fcomments&post=385288"}],"version-history":[{"count":0,"href":"https:\/\/analyse.optim.biz\/index.php?rest_route=\/wp\/v2\/posts\/385288\/revisions"}],"wp:attachment":[{"href":"https:\/\/analyse.optim.biz\/index.php?rest_route=%2Fwp%2Fv2%2Fmedia&parent=385288"}],"wp:term":[{"taxonomy":"category","embeddable":true,"href":"https:\/\/analyse.optim.biz\/index.php?rest_route=%2Fwp%2Fv2%2Fcategories&post=385288"},{"taxonomy":"post_tag","embeddable":true,"href":"https:\/\/analyse.optim.biz\/index.php?rest_route=%2Fwp%2Fv2%2Ftags&post=385288"}],"curies":[{"name":"wp","href":"https:\/\/api.w.org\/{rel}","templated":true}]}}