{"id":385264,"date":"2014-11-27T16:08:00","date_gmt":"2014-11-27T13:08:00","guid":{"rendered":"https:\/\/analyse.optim.biz\/?p=385264"},"modified":"2014-11-27T16:08:00","modified_gmt":"2014-11-27T13:08:00","slug":"mircea-geoana-marian-vanghelie-si-dan-sova-exclusi-din-psd","status":"publish","type":"post","link":"https:\/\/analyse.optim.biz\/?p=385264","title":{"rendered":"Mircea Geoan\u0103, Marian Vanghelie \u015fi Dan \u015eova, EXCLU\u015eI din PSD?!"},"content":{"rendered":"<div class=\"description\" data-key=\"description\">Mircea Geoan\u0103, Marian Vanghelie \u015fi Dan \u015eova au fost exclu\u015fi din PSD, conform primelor informa\u0163ii date pe surse din \u015fedin\u0163a PSD<\/div>\n<div class=\"articleBody\" data-key=\"articleBody\">\nMircea Geoan\u0103, Marian Vanghelie \u015fi Dan \u015eova au fost exclu\u015fi din PSD, conform primelor informa\u0163ii date pe surse din \u015fedin\u0163a PSD<br \/>\nDeclara\u0163iile lui Mircea Geoan\u0103 au fost \u00een contradictoriu cu informa\u0163ia noastr\u0103. Fostul pre\u015fedinte al PSD a explicat, la ie\u015firea de la \u015fedin\u0163\u0103, c\u0103 nu a fost exclus din partid, ci c\u0103 a fost suspendat p\u00e2n\u0103 la Congres, conform Antena3.<br \/>\n&#8220;Toat\u0103 lumea este nervoas\u0103, toat\u0103 lumea caut\u0103 \u0163api isp\u0103\u015fitori, a fost o discu\u0163ie lung\u0103 \u015fi util\u0103 cu privire la stabilirea unui calendar pentru perioada urm\u0103toarea. Domnul Ponta a f\u0103cut propuneri de excluderi, inclusiv pentru mine, dar \u00een urma unei discu\u0163ii destul de lung\u0103, a fost pentru suspendarea mea \u015fi colegilor mei, \u015eova \u015fi Vanghelie. Nu vreau s\u0103 discut, mai r\u0103u punem ulei pe foc. Nu cred c\u0103 a\u015fa trebuie s\u0103 proced\u0103m. Dar \u00een condi\u0163iile \u00een care \u015fi pre\u015fedintele partidului a jucat cu \u015fefia partidului pe mas\u0103, putem s\u0103 ne preg\u0103tim \u00een continuare pentru ce este de f\u0103cut.&#8221;<br \/>\nDan \u015eova a explicat c\u0103 a \u00een\u0163eles decizia partidului \u015fi o respect\u0103, dar nu \u00ee\u015fi schimb\u0103 punctul de vedere exprimat dup\u0103 e\u015fecul lui Victor Ponta din cursa preziden\u0163ial\u0103.<\/p>\n<p>&#8220;Am \u00een\u0163eles de ce s-a ajung la aceast\u0103 decizie. Nu m\u0103 al\u0103tur altui partid, eu dac\u0103 am s\u0103 m\u0103 al\u0103tur vreunui partid, am s\u0103 m\u0103 al\u0103tur tot PSD-ului. Nu m\u0103 g\u00e2ndesc la nimic deocamdat\u0103, cred c\u0103 sanc\u0163iunea este justificat\u0103. Argumentele sunt c\u0103 am \u00eenc\u0103lcat un principiu de baz\u0103 al partidului, de solidaritate. Este o decizie corect\u0103 a partidului, mi-o asum, nu m\u0103 al\u0103tur altui partid. Nu am o perioad\u0103. \u00cemi asum un timp de reflec\u0163ie. Au fost discu\u0163ii constructive, argumentate \u015fi s-a luat o decizie pe care o respect. Asta cu rela\u0163ia tensionat\u0103 dintre mine \u015fi Liviu Dragnea este o specula\u0163ie de pres\u0103, nu este nimic real. Am fost taxat pentru ce s-a \u00eent\u00e2mplat dup\u0103 16 noiembrie. Nu \u015ftiu dac\u0103 este cineva de vin\u0103 pentru e\u015fecul de la preziden\u0163iale. Este nevoie de o analiz\u0103 profund\u0103. Oricum, eu \u00eemi asum din nou ce am spus atunci. Eu r\u0103m\u00e2n un social-democrat convins.&#8221;<br \/>\nRobert Negoi\u0163\u0103 a refuzat s\u0103 fac\u0103 declara\u0163ii la ie\u015firea de la \u015fedin\u0163\u0103 \u015fi a explicat doar c\u0103 o vin\u0103 exist\u0103 din partea tuturor.\n<\/p><\/div>\n<p> Source URL: https:\/\/observatornews.ro\/politic\/mircea-geoana-marian-vanghelie-si-dan-sova-exclusi-din-psd-140019.html<\/p>\n","protected":false},"excerpt":{"rendered":"<p>Mircea Geoan\u0103, Marian Vanghelie \u015fi Dan \u015eova au fost exclu\u015fi din PSD, conform primelor informa\u0163ii date pe surse din \u015fedin\u0163a PSD Mircea Geoan\u0103, Marian Vanghelie \u015fi Dan \u015eova au fost exclu\u015fi din PSD, conform primelor informa\u0163ii date pe surse din \u015fedin\u0163a PSD Declara\u0163iile lui Mircea Geoan\u0103 au fost \u00een contradictoriu cu informa\u0163ia noastr\u0103. Fostul pre\u015fedinte [&hellip;]<\/p>\n","protected":false},"author":1,"featured_media":0,"comment_status":"open","ping_status":"","sticky":false,"template":"","format":"standard","meta":{"footnotes":""},"categories":[2],"tags":[30],"class_list":["post-385264","post","type-post","status-publish","format-standard","hentry","category-politics","tag-observatornews-ro"],"_links":{"self":[{"href":"https:\/\/analyse.optim.biz\/index.php?rest_route=\/wp\/v2\/posts\/385264","targetHints":{"allow":["GET"]}}],"collection":[{"href":"https:\/\/analyse.optim.biz\/index.php?rest_route=\/wp\/v2\/posts"}],"about":[{"href":"https:\/\/analyse.optim.biz\/index.php?rest_route=\/wp\/v2\/types\/post"}],"author":[{"embeddable":true,"href":"https:\/\/analyse.optim.biz\/index.php?rest_route=\/wp\/v2\/users\/1"}],"replies":[{"embeddable":true,"href":"https:\/\/analyse.optim.biz\/index.php?rest_route=%2Fwp%2Fv2%2Fcomments&post=385264"}],"version-history":[{"count":0,"href":"https:\/\/analyse.optim.biz\/index.php?rest_route=\/wp\/v2\/posts\/385264\/revisions"}],"wp:attachment":[{"href":"https:\/\/analyse.optim.biz\/index.php?rest_route=%2Fwp%2Fv2%2Fmedia&parent=385264"}],"wp:term":[{"taxonomy":"category","embeddable":true,"href":"https:\/\/analyse.optim.biz\/index.php?rest_route=%2Fwp%2Fv2%2Fcategories&post=385264"},{"taxonomy":"post_tag","embeddable":true,"href":"https:\/\/analyse.optim.biz\/index.php?rest_route=%2Fwp%2Fv2%2Ftags&post=385264"}],"curies":[{"name":"wp","href":"https:\/\/api.w.org\/{rel}","templated":true}]}}