{"id":385178,"date":"2014-12-02T16:43:00","date_gmt":"2014-12-02T13:43:00","guid":{"rendered":"https:\/\/analyse.optim.biz\/?p=385178"},"modified":"2014-12-02T16:43:00","modified_gmt":"2014-12-02T13:43:00","slug":"guvernul-restructurat-va-fi-prezentat-in-parlament-in-perioada-14-19-decembrie","status":"publish","type":"post","link":"https:\/\/analyse.optim.biz\/?p=385178","title":{"rendered":"Guvernul restructurat va fi prezentat \u00een Parlament \u00een perioada 14-19 decembrie"},"content":{"rendered":"<div class=\"description\" data-key=\"description\">Premierul Victor Ponta, a declarat, ast\u0103zi, c\u0103 parlamentarii din Grupul liberal-conservator sus\u021bin continuarea guvern\u0103rii pentru a putea fi \u00eendeplinit programul politic al USL, cu un cabinet \u00een cadrul c\u0103ruia UNPR, PC \u0219i PLR vor de\u021bine un num\u0103r egal de portofolii<\/div>\n<div class=\"articleBody\" data-key=\"articleBody\">Premierul Victor Ponta, a declarat, ast\u0103zi, c\u0103 parlamentarii din Grupul liberal-conservator sus\u021bin continuarea guvern\u0103rii pentru a putea fi \u00eendeplinit programul politic al USL, cu un cabinet \u00een cadrul c\u0103ruia UNPR, PC \u0219i PLR vor de\u021bine un num\u0103r egal de portofolii<br \/>\n&#8220;Am cerut opinia colegilor parlamentari de la Partidul Conservator \u0219i Partidul Liberal Reformator privind continuarea guvern\u0103rii sub o form\u0103 de guvern restructurat din care, bine\u00een\u021beles, s\u0103 fac\u0103 parte cele patru partide componente \u0219i, de asemenea, s\u0103 discut\u0103m despre planul concret de ac\u021biuni pentru 2015-2016, ac\u021biuni care \u021bin at\u00e2t de partea guvernamental\u0103, c\u00e2t \u0219i de ac\u021biunea parlamentar\u0103 \u0219i politic\u0103. Exist\u0103 sprijinul acestor colegi \u0219i \u00eempreun\u0103 vom lucra la acest plan de ac\u021biuni&#8221;, a declarat premierul, la Parlament, la finalul discu\u021biilor purtate cu parlamentarii din Grupul liberal-conservator.<br \/>\nPonta a ad\u0103ugat c\u0103 \u00een perioada urm\u0103toare va fi prezentat \u00een Parlament bugetul \u0219i forma restructurat\u0103 a Guvernului.<br \/>\n&#8220;Vom \u00eencerca s\u0103 realiz\u0103m \u00een continuare \u00een 2015-2016 c\u00e2t mai multe din angajamentele din programul de guvernare pentru care am fost ale\u0219i \u00een 2012&#8221;, a ad\u0103ugat premierul.<br \/>\n\u00centrebat c\u00e2nd ar urma s\u0103 fie prezentat \u00een Parlament guvernul restructurat, Ponta a spus c\u0103 \u00een s\u0103pt\u0103m\u00e2na 14-19 decembrie.<br \/>\n&#8220;Nu am discutat \u0219i nu aveam c\u00e2nd s\u0103 discut\u0103m despre cine, ce func\u021bii are, pentru c\u0103 \u00eent\u00e2i \u0219i \u00eent\u00e2i trebuia s\u0103 vedem dac\u0103 exist\u0103 aceast\u0103 coali\u021bie \u00een continuare \u0219i exist\u0103 dorin\u021ba de a ne duce mai departe actul de guvernare. \u0218i azi \u00een urma tuturor acestor \u00eent\u00e2lniri am aceast\u0103 confirmare. Trebuie s\u0103 lucr\u0103m \u00eempreun\u0103, s\u0103pt\u0103m\u00e2na viitoare s\u0103 avem acest plan de ac\u021biuni 2015-2016 al Coali\u021biei de guvernare. Dup\u0103 ce avem aceste condi\u021bii, dup\u0103 aceea discut\u0103m de portofolii \u0219i de persoanele care vor ocupa aceste portofolii pe baza unui algoritm parlamentar pe care-l \u0219ti\u021bi foarte bine. \u0218i anume, UNPR, PC \u0219i PLR vor avea un num\u0103r egal de portofolii, iar restul vor fi ale colegilor de la PSD sau independen\u021bi sus\u021binu\u021bi de PSD&#8221;, a declarat premierul. <\/div>\n<p> Source URL: https:\/\/observatornews.ro\/politic\/guvernul-restructurat-va-fi-prezentat-in-parlament-in-perioada-1419-decembrie-140374.html<\/p>\n","protected":false},"excerpt":{"rendered":"<p>Premierul Victor Ponta, a declarat, ast\u0103zi, c\u0103 parlamentarii din Grupul liberal-conservator sus\u021bin continuarea guvern\u0103rii pentru a putea fi \u00eendeplinit programul politic al USL, cu un cabinet \u00een cadrul c\u0103ruia UNPR, PC \u0219i PLR vor de\u021bine un num\u0103r egal de portofolii Premierul Victor Ponta, a declarat, ast\u0103zi, c\u0103 parlamentarii din Grupul liberal-conservator sus\u021bin continuarea guvern\u0103rii pentru [&hellip;]<\/p>\n","protected":false},"author":1,"featured_media":0,"comment_status":"open","ping_status":"","sticky":false,"template":"","format":"standard","meta":{"footnotes":""},"categories":[2],"tags":[30],"class_list":["post-385178","post","type-post","status-publish","format-standard","hentry","category-politics","tag-observatornews-ro"],"_links":{"self":[{"href":"https:\/\/analyse.optim.biz\/index.php?rest_route=\/wp\/v2\/posts\/385178","targetHints":{"allow":["GET"]}}],"collection":[{"href":"https:\/\/analyse.optim.biz\/index.php?rest_route=\/wp\/v2\/posts"}],"about":[{"href":"https:\/\/analyse.optim.biz\/index.php?rest_route=\/wp\/v2\/types\/post"}],"author":[{"embeddable":true,"href":"https:\/\/analyse.optim.biz\/index.php?rest_route=\/wp\/v2\/users\/1"}],"replies":[{"embeddable":true,"href":"https:\/\/analyse.optim.biz\/index.php?rest_route=%2Fwp%2Fv2%2Fcomments&post=385178"}],"version-history":[{"count":0,"href":"https:\/\/analyse.optim.biz\/index.php?rest_route=\/wp\/v2\/posts\/385178\/revisions"}],"wp:attachment":[{"href":"https:\/\/analyse.optim.biz\/index.php?rest_route=%2Fwp%2Fv2%2Fmedia&parent=385178"}],"wp:term":[{"taxonomy":"category","embeddable":true,"href":"https:\/\/analyse.optim.biz\/index.php?rest_route=%2Fwp%2Fv2%2Fcategories&post=385178"},{"taxonomy":"post_tag","embeddable":true,"href":"https:\/\/analyse.optim.biz\/index.php?rest_route=%2Fwp%2Fv2%2Ftags&post=385178"}],"curies":[{"name":"wp","href":"https:\/\/api.w.org\/{rel}","templated":true}]}}