{"id":385071,"date":"2014-12-13T12:31:00","date_gmt":"2014-12-13T09:31:00","guid":{"rendered":"https:\/\/analyse.optim.biz\/?p=385071"},"modified":"2014-12-13T12:31:00","modified_gmt":"2014-12-13T09:31:00","slug":"udmr-a-oficializat-iesirea-din-guvern","status":"publish","type":"post","link":"https:\/\/analyse.optim.biz\/?p=385071","title":{"rendered":"UDMR a oficializat ie\u015firea din Guvern!"},"content":{"rendered":"<div class=\"description\" data-key=\"description\">Consiliul Reprezentan\u0163ilor Unionali (CRU) al UDMR a votat ie\u015firea Uniunii de la guvernare, cu majoritate de voturi, \u00eenregistr\u00e2ndu-se doar trei voturi &#8220;\u00eempotriv\u0103&#8221; \u015fi \u015fapte ab\u0163ineri, propunerea \u00een acest sens fiind formulat\u0103 de Consiliul Permanent al forma\u0163iunii \u00een 27 noiembrie<\/div>\n<div class=\"articleBody\" data-key=\"articleBody\">Consiliul Reprezentan\u0163ilor Unionali (CRU) al UDMR a votat ie\u015firea Uniunii de la guvernare, cu majoritate de voturi, \u00eenregistr\u00e2ndu-se doar trei voturi &#8220;\u00eempotriv\u0103&#8221; \u015fi \u015fapte ab\u0163ineri, propunerea \u00een acest sens fiind formulat\u0103 de Consiliul Permanent al forma\u0163iunii \u00een 27 noiembrie<br \/>\nVotul Consiliului Reprezentan\u0163ilor Unionali (CRU), \u00eentrunit s\u00e2mb\u0103t\u0103 la T\u00e2rgu Mure\u015f, a avut loc dup\u0103 mai mult de trei ore \u00een care delega\u0163ii au dezb\u0103tut subiectul ie\u015firii UDMR de la guvernare, a\u015fa cum a propus Consiliul Permanent al forma\u0163iunii \u00een 27 noiembrie.<br \/>\nPre\u015fedintele UDMR, Kelemen Hunor, a declarat, \u00een discursul \u0163inut \u00een deschiderea CRU, c\u0103 \u00een urma unei analize interne s-a ajuns la ideea ca forma\u0163iunea s\u0103 ias\u0103 de la guvernare, propunerea Consiliului Permanent al forma\u0163iunii constituind &#8220;o premier\u0103&#8221;.<br \/>\nLa r\u00e2ndul s\u0103u, vicepre\u015fedintele politic al UDMR, Borbely Laszlo, \u015fi-a \u00eendemnat colegii s\u0103 fie m\u00e2ndri de cei 25 de ani de activitate a Uniunii \u015fi s\u0103 le mul\u0163umeasc\u0103 colegilor care au renun\u0163at la foarte multe \u00een urm\u0103 cu nou\u0103 luni, &#8220;s-au dus la Bucure\u015fti \u015fi au reprezentat interesele maghiarilor \u015fi ale Rom\u00e2niei&#8221;.<br \/>\nEl a precizat c\u0103 \u00een momentul de fa\u0163\u0103 lucreaz\u0103, \u00een diverse institu\u0163ii centrale, 110 persoane din partea UDMR.<br \/>\n&#8220;Eu am fost acolo. Haide\u0163i s\u0103 nu ne fie ru\u015fine de ce am f\u0103cut acolo. Am avut realiz\u0103ri. Toat\u0103 lumea \u015ftie ce am realizat. S\u0103 nu vin\u0103 nimeni \u015fi s\u0103 opreasc\u0103 programe. De dou\u0103 s\u0103pt\u0103m\u00e2ni \u00eencerc\u0103m s\u0103 le explic\u0103m guvernan\u0163ilor c\u0103 \u00eencerc\u0103m s\u0103 p\u0103str\u0103m un num\u0103r c\u00e2t mai mare de membri (UDMR) care se afl\u0103 \u00een diferite institu\u0163ii, s\u0103 nu fie da\u0163i afar\u0103, c\u0103 lucreaz\u0103 bine&#8221;, a spus Borbely, subliniind c\u0103 reprezentan\u0163ii Uniunii trebuie s\u0103 discute \u015fi s\u0103 men\u0163in\u0103 o rela\u0163ie corect\u0103 cu guvernele.<br \/>\nCabinetul Ponta 3 este cel de-al optulea guvern din care au f\u0103cut parte reprezentan\u0163ii Uniunii, \u00eencep\u00e2nd cu anul 1996.<\/div>\n<p> Source URL: https:\/\/observatornews.ro\/politic\/udmr-a-oficializat-iesirea-din-guvern-141150.html<\/p>\n","protected":false},"excerpt":{"rendered":"<p>Consiliul Reprezentan\u0163ilor Unionali (CRU) al UDMR a votat ie\u015firea Uniunii de la guvernare, cu majoritate de voturi, \u00eenregistr\u00e2ndu-se doar trei voturi &#8220;\u00eempotriv\u0103&#8221; \u015fi \u015fapte ab\u0163ineri, propunerea \u00een acest sens fiind formulat\u0103 de Consiliul Permanent al forma\u0163iunii \u00een 27 noiembrie Consiliul Reprezentan\u0163ilor Unionali (CRU) al UDMR a votat ie\u015firea Uniunii de la guvernare, cu majoritate de [&hellip;]<\/p>\n","protected":false},"author":1,"featured_media":0,"comment_status":"open","ping_status":"","sticky":false,"template":"","format":"standard","meta":{"footnotes":""},"categories":[2],"tags":[30],"class_list":["post-385071","post","type-post","status-publish","format-standard","hentry","category-politics","tag-observatornews-ro"],"_links":{"self":[{"href":"https:\/\/analyse.optim.biz\/index.php?rest_route=\/wp\/v2\/posts\/385071","targetHints":{"allow":["GET"]}}],"collection":[{"href":"https:\/\/analyse.optim.biz\/index.php?rest_route=\/wp\/v2\/posts"}],"about":[{"href":"https:\/\/analyse.optim.biz\/index.php?rest_route=\/wp\/v2\/types\/post"}],"author":[{"embeddable":true,"href":"https:\/\/analyse.optim.biz\/index.php?rest_route=\/wp\/v2\/users\/1"}],"replies":[{"embeddable":true,"href":"https:\/\/analyse.optim.biz\/index.php?rest_route=%2Fwp%2Fv2%2Fcomments&post=385071"}],"version-history":[{"count":0,"href":"https:\/\/analyse.optim.biz\/index.php?rest_route=\/wp\/v2\/posts\/385071\/revisions"}],"wp:attachment":[{"href":"https:\/\/analyse.optim.biz\/index.php?rest_route=%2Fwp%2Fv2%2Fmedia&parent=385071"}],"wp:term":[{"taxonomy":"category","embeddable":true,"href":"https:\/\/analyse.optim.biz\/index.php?rest_route=%2Fwp%2Fv2%2Fcategories&post=385071"},{"taxonomy":"post_tag","embeddable":true,"href":"https:\/\/analyse.optim.biz\/index.php?rest_route=%2Fwp%2Fv2%2Ftags&post=385071"}],"curies":[{"name":"wp","href":"https:\/\/api.w.org\/{rel}","templated":true}]}}