{"id":384872,"date":"2015-01-07T07:53:00","date_gmt":"2015-01-07T04:53:00","guid":{"rendered":"https:\/\/analyse.optim.biz\/?p=384872"},"modified":"2015-01-07T07:53:00","modified_gmt":"2015-01-07T04:53:00","slug":"romania-merita-sa-adere-la-schengen-tara-este-pregatita","status":"publish","type":"post","link":"https:\/\/analyse.optim.biz\/?p=384872","title":{"rendered":"Rom\u00e2nia merit\u0103 s\u0103 adere la Schengen: &#8220;\u0162ara este preg\u0103tit\u0103&#8221;"},"content":{"rendered":"<div class=\"description\" data-key=\"description\">Ministrul bulgar de interne, Veselin Vucikov, a estimat c\u0103 \u021bara sa &#8221;merit\u0103 s\u0103 intre \u00een Schengen, cel pu\u021bin \u00een ceea ce prive\u0219te frontierele aeriene nu mai pu\u021bin dec\u00e2t Rom\u00e2nia&#8221;, \u0219i c\u0103 &#8221;este preg\u0103tit\u0103&#8221; din punct de vedere tehnic<\/div>\n<div class=\"articleBody\" data-key=\"articleBody\">\nMinistrul bulgar de interne, Veselin Vucikov, a estimat c\u0103 \u021bara sa &#8221;merit\u0103 s\u0103 intre \u00een Schengen, cel pu\u021bin \u00een ceea ce prive\u0219te frontierele aeriene nu mai pu\u021bin dec\u00e2t Rom\u00e2nia&#8221;, \u0219i c\u0103 &#8221;este preg\u0103tit\u0103&#8221; din punct de vedere tehnic<br \/>\n&#8221;Bulgaria merit\u0103 s\u0103 adere la spa\u021biul Schengen, cel pu\u021bin \u00een ceea ce prive\u0219te frontierele aeriene nu mai pu\u021bin dec\u00e2t Rom\u00e2nia&#8221;, a declarat Vucikov luni \u00eentr-o conferin\u021b\u0103 de pres\u0103 la Sofia, preciz\u00e2nd c\u0103 \u021bara sa &#8221;este preg\u0103tit\u0103 tehnic, \u00eendeplinind anumite criterii stabilite anterior&#8221;.<br \/>\n&#8221;Chiar \u0219i \u00een situa\u021bia referitoare la refugia\u021bi noi ne-am descurcat mult mai bine dec\u00e2t unele \u021b\u0103ri care fac parte din spa\u021biul Schengen. Problema este \u00een \u00eentregime una politic\u0103. \u00cen\u021belegem pe deplin \u0219i ne sincroniz\u0103m \u00een continuare eforturile pentru a convinge toate \u021b\u0103rile s\u0103 ne sus\u021bin\u0103&#8221;, a afirmat ministrul bulgar.<br \/>\nReferindu-se la priorit\u0103\u021bile ministerului s\u0103u \u00een noul an, Vucikov a subliniat c\u0103 reforma administrativ\u0103 va fi &#8221;primul pas&#8221;. Potrivit declara\u021biilor sale, nu vor fi posibile noi disponibiliz\u0103ri de personal \u00een cadrul Ministerului de Interne bulgar, dar vor avea loc transform\u0103ri interne, deoarece &#8221;administra\u021bia este prea mare&#8221;.\n<\/div>\n<p> Source URL: https:\/\/observatornews.ro\/politic\/romania-merita-sa-adere-la-schengen-tara-este-pregatita-142688.html<\/p>\n","protected":false},"excerpt":{"rendered":"<p>Ministrul bulgar de interne, Veselin Vucikov, a estimat c\u0103 \u021bara sa &#8221;merit\u0103 s\u0103 intre \u00een Schengen, cel pu\u021bin \u00een ceea ce prive\u0219te frontierele aeriene nu mai pu\u021bin dec\u00e2t Rom\u00e2nia&#8221;, \u0219i c\u0103 &#8221;este preg\u0103tit\u0103&#8221; din punct de vedere tehnic Ministrul bulgar de interne, Veselin Vucikov, a estimat c\u0103 \u021bara sa &#8221;merit\u0103 s\u0103 intre \u00een Schengen, cel [&hellip;]<\/p>\n","protected":false},"author":1,"featured_media":0,"comment_status":"open","ping_status":"","sticky":false,"template":"","format":"standard","meta":{"footnotes":""},"categories":[2],"tags":[30],"class_list":["post-384872","post","type-post","status-publish","format-standard","hentry","category-politics","tag-observatornews-ro"],"_links":{"self":[{"href":"https:\/\/analyse.optim.biz\/index.php?rest_route=\/wp\/v2\/posts\/384872","targetHints":{"allow":["GET"]}}],"collection":[{"href":"https:\/\/analyse.optim.biz\/index.php?rest_route=\/wp\/v2\/posts"}],"about":[{"href":"https:\/\/analyse.optim.biz\/index.php?rest_route=\/wp\/v2\/types\/post"}],"author":[{"embeddable":true,"href":"https:\/\/analyse.optim.biz\/index.php?rest_route=\/wp\/v2\/users\/1"}],"replies":[{"embeddable":true,"href":"https:\/\/analyse.optim.biz\/index.php?rest_route=%2Fwp%2Fv2%2Fcomments&post=384872"}],"version-history":[{"count":0,"href":"https:\/\/analyse.optim.biz\/index.php?rest_route=\/wp\/v2\/posts\/384872\/revisions"}],"wp:attachment":[{"href":"https:\/\/analyse.optim.biz\/index.php?rest_route=%2Fwp%2Fv2%2Fmedia&parent=384872"}],"wp:term":[{"taxonomy":"category","embeddable":true,"href":"https:\/\/analyse.optim.biz\/index.php?rest_route=%2Fwp%2Fv2%2Fcategories&post=384872"},{"taxonomy":"post_tag","embeddable":true,"href":"https:\/\/analyse.optim.biz\/index.php?rest_route=%2Fwp%2Fv2%2Ftags&post=384872"}],"curies":[{"name":"wp","href":"https:\/\/api.w.org\/{rel}","templated":true}]}}