{"id":384871,"date":"2015-01-07T17:04:00","date_gmt":"2015-01-07T14:04:00","guid":{"rendered":"https:\/\/analyse.optim.biz\/?p=384871"},"modified":"2015-01-07T17:04:00","modified_gmt":"2015-01-07T14:04:00","slug":"victoria-nuland-este-asteptata-la-bucuresti-saptamana-viitoare","status":"publish","type":"post","link":"https:\/\/analyse.optim.biz\/?p=384871","title":{"rendered":"Victoria Nuland este a\u015fteptat\u0103 la Bucure\u015fti s\u0103pt\u0103m\u00e2na viitoare"},"content":{"rendered":"<div class=\"description\" data-key=\"description\">Asistentul secretarului de stat al SUA Victoria Nuland va sosi la Bucure\u015fti s\u0103pt\u0103m\u00e2na viitoare \u00een cadrul unui turneu european<\/div>\n<div class=\"articleBody\" data-key=\"articleBody\">Asistentul secretarului de stat al SUA Victoria Nuland va sosi la Bucure\u015fti s\u0103pt\u0103m\u00e2na viitoare \u00een cadrul unui turneu european<br \/>\nPotrivit Mediafax, adjunctul secretarului de Stat pentru Europa \u015fi Eurasia al SUA, Victoria Nuland, urmeaz\u0103 s\u0103 vin\u0103 la Bucure\u015fti s\u0103pt\u0103m\u00e2na viitoare, la un de la precedenta vizit\u0103.Acelea\u015fi surse au precizat c\u0103 Nuland se va \u00eent\u00e2lni cu pre\u015fedintele Klaus Iohannis \u015fi cu ministrul de Externe, Bogdan Aurescu.Vizita la Bucure\u015fti a oficialului SUA face parte dintr-un turneu \u00een regiune.<br \/>\nPre\u015fedintele Klaus Iohannis a declarat, miercuri, c\u0103 va avea o discu\u0163ie cu asistentul secretarului de stat al SUA Victoria Nuland, c\u00e2nd aceasta va veni \u00een Rom\u00e2nia. &#8220;Cu siguran\u0163\u0103 c\u00e2nd va veni, voi avea o discu\u0163ie cu doamna Nuland \u015fi va fi un lucru foarte bun fiindc\u0103 deja am putea s\u0103 intr\u0103m \u00een anumite detalii&#8221;, a spus Iohannis.<br \/>\nLa afirma\u0163ia moderatorului c\u0103 Victoria Nuland a criticat \u00een repetate r\u00e2nduri corup\u0163ia din Rom\u00e2nia ,ar\u0103t\u00e2nd c\u0103 aceasta pune practic \u00een pericol securitatea na\u0163ional\u0103, Iohannis a replicat &#8220;Exact lucrul pe care l-am spus deja de dou\u0103 ori ast\u0103zi, sunt perfect de acord cu acea evaluare&#8221;.<br \/>\nPrecedenta vizit\u0103 a adjunctului secretarului de Stat Victoria Nuland a avut loc \u00een perioada 10-11 ianuarie 2014, \u00een cadrul unui turneu european.<\/div>\n<p> Source URL: https:\/\/observatornews.ro\/politic\/victoria-nuland-este-asteptata-la-bucuresti-saptamana-viitoare-142742.html<\/p>\n","protected":false},"excerpt":{"rendered":"<p>Asistentul secretarului de stat al SUA Victoria Nuland va sosi la Bucure\u015fti s\u0103pt\u0103m\u00e2na viitoare \u00een cadrul unui turneu european Asistentul secretarului de stat al SUA Victoria Nuland va sosi la Bucure\u015fti s\u0103pt\u0103m\u00e2na viitoare \u00een cadrul unui turneu european Potrivit Mediafax, adjunctul secretarului de Stat pentru Europa \u015fi Eurasia al SUA, Victoria Nuland, urmeaz\u0103 s\u0103 vin\u0103 [&hellip;]<\/p>\n","protected":false},"author":1,"featured_media":0,"comment_status":"open","ping_status":"","sticky":false,"template":"","format":"standard","meta":{"footnotes":""},"categories":[2],"tags":[30],"class_list":["post-384871","post","type-post","status-publish","format-standard","hentry","category-politics","tag-observatornews-ro"],"_links":{"self":[{"href":"https:\/\/analyse.optim.biz\/index.php?rest_route=\/wp\/v2\/posts\/384871","targetHints":{"allow":["GET"]}}],"collection":[{"href":"https:\/\/analyse.optim.biz\/index.php?rest_route=\/wp\/v2\/posts"}],"about":[{"href":"https:\/\/analyse.optim.biz\/index.php?rest_route=\/wp\/v2\/types\/post"}],"author":[{"embeddable":true,"href":"https:\/\/analyse.optim.biz\/index.php?rest_route=\/wp\/v2\/users\/1"}],"replies":[{"embeddable":true,"href":"https:\/\/analyse.optim.biz\/index.php?rest_route=%2Fwp%2Fv2%2Fcomments&post=384871"}],"version-history":[{"count":0,"href":"https:\/\/analyse.optim.biz\/index.php?rest_route=\/wp\/v2\/posts\/384871\/revisions"}],"wp:attachment":[{"href":"https:\/\/analyse.optim.biz\/index.php?rest_route=%2Fwp%2Fv2%2Fmedia&parent=384871"}],"wp:term":[{"taxonomy":"category","embeddable":true,"href":"https:\/\/analyse.optim.biz\/index.php?rest_route=%2Fwp%2Fv2%2Fcategories&post=384871"},{"taxonomy":"post_tag","embeddable":true,"href":"https:\/\/analyse.optim.biz\/index.php?rest_route=%2Fwp%2Fv2%2Ftags&post=384871"}],"curies":[{"name":"wp","href":"https:\/\/api.w.org\/{rel}","templated":true}]}}