{"id":384851,"date":"2015-01-12T09:58:00","date_gmt":"2015-01-12T06:58:00","guid":{"rendered":"https:\/\/analyse.optim.biz\/?p=384851"},"modified":"2015-01-12T09:58:00","modified_gmt":"2015-01-12T06:58:00","slug":"ponta-obligatia-noastra-este-sa-i-aparam-pe-oameni-de-cei-care-i-au-nenorocit-anii-trecuti","status":"publish","type":"post","link":"https:\/\/analyse.optim.biz\/?p=384851","title":{"rendered":"Ponta: &#8220;Obliga\u021bia noastr\u0103 este s\u0103-i ap\u0103r\u0103m pe oameni de cei care i-au nenorocit anii trecu\u0163i&#8221;"},"content":{"rendered":"<div class=\"description\" data-key=\"description\">Calendarul politic pe 2015, o serie de proiecte considerate a fi esen\u021biale precum modificarea Constitu\u021biei, a sistemului electoral, legea finan\u021b\u0103rii partidelor politice, priorit\u0103\u021bile de guvernare cu accent pe m\u0103surile sociale sunt c\u00e2teva dintre problemele aflate pe agenda discu\u021biilor primei reuniuni a Biroului Permanent Na\u021bional al PSD din acest an<\/div>\n<div class=\"articleBody\" data-key=\"articleBody\">Calendarul politic pe 2015, o serie de proiecte considerate a fi esen\u021biale precum modificarea Constitu\u021biei, a sistemului electoral, legea finan\u021b\u0103rii partidelor politice, priorit\u0103\u021bile de guvernare cu accent pe m\u0103surile sociale sunt c\u00e2teva dintre problemele aflate pe agenda discu\u021biilor primei reuniuni a Biroului Permanent Na\u021bional al PSD din acest an<br \/>\n\u00cen deschiderea reuniunii, pre\u0219edintele PSD, premierul Victor Ponta, s-a declarat decis s\u0103 guverneze p\u00e2n\u0103 \u00een 2016 \u0219i s\u0103 nu-i lase s\u0103 revin\u0103 la Putere pe cei &#8220;care i-au nenorocit pe rom\u00e2ni \u00een 2010 \u2014 2011&#8221;.<br \/>\n&#8220;\u00cen baza discu\u021biilor pe care le-am avut deja \u00een Comitetul Executiv \u0219i a votului majoritar din Parlament din 15 decembrie, e foarte clar c\u0103 oamenii ne-au votat ca s\u0103 guvern\u0103m, c\u0103 am guvernat bine \u00een ace\u0219ti ani \u0219i vom guverna \u0219i mai bine \u00een 2015 \u0219i 2016. Cred c\u0103 obliga\u021bia noastr\u0103 este fa\u021b\u0103 de to\u021bi cei care ne-au votat \u0219i cei care nu ne-au votat s\u0103 guvern\u0103m bine \u0219i s\u0103 ar\u0103t\u0103m c\u0103 proiectele pentru care am fost vota\u021bi le punem pe toate \u00een aplicare&#8221;, a afirmat Ponta, conform Agerpres.<br \/>\nEl a ad\u0103ugat c\u0103 partidul trebuie s\u0103 se preg\u0103teasc\u0103 pentru anul 2016 \u2014 alegeri locale, alegeri parlamentare. &#8220;V\u0103d foamea unora care au fost \u00een Guvernul Emil Boc \u0219i care au fost goni\u021bi de acolo de la guvernare de oameni.<br \/>\nAcum vor s\u0103 vin\u0103 \u00eenapoi s\u0103 o ia de la cap\u0103t cu ceea ce au f\u0103cut \u00een 2010, 2011. Cred c\u0103 obliga\u021bia noastr\u0103 este s\u0103-i ap\u0103r\u0103m pe oameni de cei care i-au nenorocit \u00een 2010 \u0219i \u00een 2011 din func\u021biile pe care le ocupau \u00een Guvernul Boc \u0219i \u00eei ap\u0103r\u0103m pe oameni \u0219i ne facem datoria fa\u021b\u0103 de cei care ne-au votat&#8221;, a afirmat premierul Ponta.<\/div>\n<p> Source URL: https:\/\/observatornews.ro\/politic\/ponta-obligaia-noastra-este-sai-aparam-pe-oameni-de-cei-care-iau-nenorocit-anii-trecuti-143094.html<\/p>\n","protected":false},"excerpt":{"rendered":"<p>Calendarul politic pe 2015, o serie de proiecte considerate a fi esen\u021biale precum modificarea Constitu\u021biei, a sistemului electoral, legea finan\u021b\u0103rii partidelor politice, priorit\u0103\u021bile de guvernare cu accent pe m\u0103surile sociale sunt c\u00e2teva dintre problemele aflate pe agenda discu\u021biilor primei reuniuni a Biroului Permanent Na\u021bional al PSD din acest an Calendarul politic pe 2015, o serie [&hellip;]<\/p>\n","protected":false},"author":1,"featured_media":0,"comment_status":"open","ping_status":"","sticky":false,"template":"","format":"standard","meta":{"footnotes":""},"categories":[2],"tags":[30],"class_list":["post-384851","post","type-post","status-publish","format-standard","hentry","category-politics","tag-observatornews-ro"],"_links":{"self":[{"href":"https:\/\/analyse.optim.biz\/index.php?rest_route=\/wp\/v2\/posts\/384851","targetHints":{"allow":["GET"]}}],"collection":[{"href":"https:\/\/analyse.optim.biz\/index.php?rest_route=\/wp\/v2\/posts"}],"about":[{"href":"https:\/\/analyse.optim.biz\/index.php?rest_route=\/wp\/v2\/types\/post"}],"author":[{"embeddable":true,"href":"https:\/\/analyse.optim.biz\/index.php?rest_route=\/wp\/v2\/users\/1"}],"replies":[{"embeddable":true,"href":"https:\/\/analyse.optim.biz\/index.php?rest_route=%2Fwp%2Fv2%2Fcomments&post=384851"}],"version-history":[{"count":0,"href":"https:\/\/analyse.optim.biz\/index.php?rest_route=\/wp\/v2\/posts\/384851\/revisions"}],"wp:attachment":[{"href":"https:\/\/analyse.optim.biz\/index.php?rest_route=%2Fwp%2Fv2%2Fmedia&parent=384851"}],"wp:term":[{"taxonomy":"category","embeddable":true,"href":"https:\/\/analyse.optim.biz\/index.php?rest_route=%2Fwp%2Fv2%2Fcategories&post=384851"},{"taxonomy":"post_tag","embeddable":true,"href":"https:\/\/analyse.optim.biz\/index.php?rest_route=%2Fwp%2Fv2%2Ftags&post=384851"}],"curies":[{"name":"wp","href":"https:\/\/api.w.org\/{rel}","templated":true}]}}