{"id":384783,"date":"2015-01-14T07:07:00","date_gmt":"2015-01-14T04:07:00","guid":{"rendered":"https:\/\/analyse.optim.biz\/?p=384783"},"modified":"2015-01-14T07:07:00","modified_gmt":"2015-01-14T04:07:00","slug":"dosarul-de-incompatibilitate-al-lui-iohannis-se-judeca-astazi","status":"publish","type":"post","link":"https:\/\/analyse.optim.biz\/?p=384783","title":{"rendered":"Dosarul de incompatibilitate al lui Iohannis se judec\u0103 ast\u0103zi!"},"content":{"rendered":"<div class=\"description\" data-key=\"description\">Dosarul \u00een care Klaus Iohannis se judec\u0103 cu Agen\u0163ia Na\u0163ional\u0103 de Integritate va fi discutat ast\u0103zi la Curtea Suprem\u0103<\/div>\n<div class=\"articleBody\" data-key=\"articleBody\">Dosarul \u00een care Klaus Iohannis se judec\u0103 cu Agen\u0163ia Na\u0163ional\u0103 de Integritate va fi discutat ast\u0103zi la Curtea Suprem\u0103<br \/>\nLa acest termen a fost citat \u00eensu\u015fi pre\u015fedintele Rom\u00e2niei, dar \u015fi un reperezentant al ANI. Klaus Iohannis a contestat raportul agen\u0163iei care sus\u0163ine c\u0103 acesta a fost \u00een incompatibilitate \u00een perioada \u00een care a reprezentat Primaria Sibiu \u00een Adun\u0103rile Generale ale Ac\u0163ionarilor de la societ\u0103\u0163ile Ap\u0103, Canal \u015fi Pie\u0163e.<br \/>\nRecursul a fost f\u0103cut de ANI dup\u0103 ce, \u00een septembrie 2013, Curtea de Apel Alba-Iulia a admis contesta\u0163ia lui Iohannis \u015fi a dispus anularea deciziei de incompatibilitate.<br \/>\nInstan\u0163a suprem\u0103 este cea care va decide definitiv dac\u0103 pre\u015fedintele ales Klaus Iohannis a fost sau nu \u00een incompatibilitate. <\/div>\n<p> Source URL: https:\/\/observatornews.ro\/politic\/dosarul-de-incompatibilitate-al-lui-iohannis-se-judeca-astazi-143285.html<\/p>\n","protected":false},"excerpt":{"rendered":"<p>Dosarul \u00een care Klaus Iohannis se judec\u0103 cu Agen\u0163ia Na\u0163ional\u0103 de Integritate va fi discutat ast\u0103zi la Curtea Suprem\u0103 Dosarul \u00een care Klaus Iohannis se judec\u0103 cu Agen\u0163ia Na\u0163ional\u0103 de Integritate va fi discutat ast\u0103zi la Curtea Suprem\u0103 La acest termen a fost citat \u00eensu\u015fi pre\u015fedintele Rom\u00e2niei, dar \u015fi un reperezentant al ANI. Klaus Iohannis [&hellip;]<\/p>\n","protected":false},"author":1,"featured_media":0,"comment_status":"open","ping_status":"","sticky":false,"template":"","format":"standard","meta":{"footnotes":""},"categories":[2],"tags":[30],"class_list":["post-384783","post","type-post","status-publish","format-standard","hentry","category-politics","tag-observatornews-ro"],"_links":{"self":[{"href":"https:\/\/analyse.optim.biz\/index.php?rest_route=\/wp\/v2\/posts\/384783","targetHints":{"allow":["GET"]}}],"collection":[{"href":"https:\/\/analyse.optim.biz\/index.php?rest_route=\/wp\/v2\/posts"}],"about":[{"href":"https:\/\/analyse.optim.biz\/index.php?rest_route=\/wp\/v2\/types\/post"}],"author":[{"embeddable":true,"href":"https:\/\/analyse.optim.biz\/index.php?rest_route=\/wp\/v2\/users\/1"}],"replies":[{"embeddable":true,"href":"https:\/\/analyse.optim.biz\/index.php?rest_route=%2Fwp%2Fv2%2Fcomments&post=384783"}],"version-history":[{"count":0,"href":"https:\/\/analyse.optim.biz\/index.php?rest_route=\/wp\/v2\/posts\/384783\/revisions"}],"wp:attachment":[{"href":"https:\/\/analyse.optim.biz\/index.php?rest_route=%2Fwp%2Fv2%2Fmedia&parent=384783"}],"wp:term":[{"taxonomy":"category","embeddable":true,"href":"https:\/\/analyse.optim.biz\/index.php?rest_route=%2Fwp%2Fv2%2Fcategories&post=384783"},{"taxonomy":"post_tag","embeddable":true,"href":"https:\/\/analyse.optim.biz\/index.php?rest_route=%2Fwp%2Fv2%2Ftags&post=384783"}],"curies":[{"name":"wp","href":"https:\/\/api.w.org\/{rel}","templated":true}]}}