{"id":384782,"date":"2015-01-14T07:26:00","date_gmt":"2015-01-14T04:26:00","guid":{"rendered":"https:\/\/analyse.optim.biz\/?p=384782"},"modified":"2015-01-14T07:26:00","modified_gmt":"2015-01-14T04:26:00","slug":"subsecretarul-de-stat-american-victoria-nuland-la-cotroceni","status":"publish","type":"post","link":"https:\/\/analyse.optim.biz\/?p=384782","title":{"rendered":"Subsecretarul de stat american Victoria Nuland, la Cotroceni"},"content":{"rendered":"<div class=\"description\" data-key=\"description\">Subsecretarul de stat american pentru afaceri europene \u0219i euroasiatice, Victoria Nuland, a ajuns miercuri la Palatul Cotroceni, unde are o \u00eent\u00e2lnire cu pre\u0219edintele Klaus Iohannis<\/div>\n<div class=\"articleBody\" data-key=\"articleBody\">Subsecretarul de stat american pentru afaceri europene \u0219i euroasiatice, Victoria Nuland, a ajuns miercuri la Palatul Cotroceni, unde are o \u00eent\u00e2lnire cu pre\u0219edintele Klaus Iohannis<br \/>\nPotrivit Administra\u021biei Preziden\u021biale, \u00een centrul discu\u021biilor dintre cei doi oficiali se vor afla consolidarea parteneriatului strategic \u00eentre Rom\u00e2nia \u0219i Statele Unite ale Americii \u0219i dezvoltarea dimensiunii economice prev\u0103zute \u00een parteneriat. De asemenea, vizita prilejuie\u0219te \u0219i un schimb de evalu\u0103ri privind securitatea din regiune \u0219i din Europa.<br \/>\nSubsecretarul de stat american va avea discu\u021bii \u0219i cu premierul Victor Ponta, ministrul de Externe Bogdan Aurescu \u0219i lideri ai partidelor, cu reprezentan\u021bi ai comunit\u0103\u021bii de afaceri \u0219i societ\u0103\u021bii civile despre chestiuni bilaterale \u0219i regionale.<br \/>\nVictoria Nuland efectueaz\u0103 s\u0103pt\u0103m\u00e2na aceasta vizite \u00een Germania, Rom\u00e2nia, Bulgaria \u0219i Fran\u021ba, conform unui anun\u021b al Departamentul de Stat american. <\/div>\n<p> Source URL: https:\/\/observatornews.ro\/politic\/subsecretarul-de-stat-american-victoria-nuland-la-cotroceni-143286.html<\/p>\n","protected":false},"excerpt":{"rendered":"<p>Subsecretarul de stat american pentru afaceri europene \u0219i euroasiatice, Victoria Nuland, a ajuns miercuri la Palatul Cotroceni, unde are o \u00eent\u00e2lnire cu pre\u0219edintele Klaus Iohannis Subsecretarul de stat american pentru afaceri europene \u0219i euroasiatice, Victoria Nuland, a ajuns miercuri la Palatul Cotroceni, unde are o \u00eent\u00e2lnire cu pre\u0219edintele Klaus Iohannis Potrivit Administra\u021biei Preziden\u021biale, \u00een centrul [&hellip;]<\/p>\n","protected":false},"author":1,"featured_media":0,"comment_status":"open","ping_status":"","sticky":false,"template":"","format":"standard","meta":{"footnotes":""},"categories":[2],"tags":[30],"class_list":["post-384782","post","type-post","status-publish","format-standard","hentry","category-politics","tag-observatornews-ro"],"_links":{"self":[{"href":"https:\/\/analyse.optim.biz\/index.php?rest_route=\/wp\/v2\/posts\/384782","targetHints":{"allow":["GET"]}}],"collection":[{"href":"https:\/\/analyse.optim.biz\/index.php?rest_route=\/wp\/v2\/posts"}],"about":[{"href":"https:\/\/analyse.optim.biz\/index.php?rest_route=\/wp\/v2\/types\/post"}],"author":[{"embeddable":true,"href":"https:\/\/analyse.optim.biz\/index.php?rest_route=\/wp\/v2\/users\/1"}],"replies":[{"embeddable":true,"href":"https:\/\/analyse.optim.biz\/index.php?rest_route=%2Fwp%2Fv2%2Fcomments&post=384782"}],"version-history":[{"count":0,"href":"https:\/\/analyse.optim.biz\/index.php?rest_route=\/wp\/v2\/posts\/384782\/revisions"}],"wp:attachment":[{"href":"https:\/\/analyse.optim.biz\/index.php?rest_route=%2Fwp%2Fv2%2Fmedia&parent=384782"}],"wp:term":[{"taxonomy":"category","embeddable":true,"href":"https:\/\/analyse.optim.biz\/index.php?rest_route=%2Fwp%2Fv2%2Fcategories&post=384782"},{"taxonomy":"post_tag","embeddable":true,"href":"https:\/\/analyse.optim.biz\/index.php?rest_route=%2Fwp%2Fv2%2Ftags&post=384782"}],"curies":[{"name":"wp","href":"https:\/\/api.w.org\/{rel}","templated":true}]}}