{"id":384753,"date":"2015-01-15T12:42:00","date_gmt":"2015-01-15T09:42:00","guid":{"rendered":"https:\/\/analyse.optim.biz\/?p=384753"},"modified":"2015-01-15T12:42:00","modified_gmt":"2015-01-15T09:42:00","slug":"presedintele-iohannis-a-ajuns-la-bruxelles-urmeaza-intalniri-cu-tusk-junker-si-stoltenberg","status":"publish","type":"post","link":"https:\/\/analyse.optim.biz\/?p=384753","title":{"rendered":"Pre\u0219edintele Iohannis a ajuns la Bruxelles! Urmeaz\u0103 \u00eent\u00e2lniri cu Tusk, Junker \u0219i Stoltenberg"},"content":{"rendered":"<div class=\"description\" data-key=\"description\">Pre\u0219edintele Klaus Iohannis a ajuns joi la Bruxelles, unde efectueaz\u0103 p\u00e2n\u0103 vineri o vizit\u0103 oficial\u0103<\/div>\n<div class=\"articleBody\" data-key=\"articleBody\">\nPre\u0219edintele Klaus Iohannis a ajuns joi la Bruxelles, unde efectueaz\u0103 p\u00e2n\u0103 vineri o vizit\u0103 oficial\u0103<br \/>\n\u0218eful statului urmeaz\u0103 s\u0103 aib\u0103 joi convorbiri cu pre\u0219edintele Consiliului European, Donald Tusk, \u0219i pre\u0219edintele Comisiei Europene, Jean-Claude Juncker, iar vineri cu secretarul general al NATO, Jens Stoltenberg. De asemenea, \u0219eful statului va avea c\u00e2te o declara\u021bie de pres\u0103 comun\u0103 cu Junker \u0219i cu Stoltenberg.<br \/>\nPre\u0219edintele Iohannis a declarat \u00eenainte de plecarea la Bruxelles c\u0103 va aborda \u00een discu\u021biile cu ace\u0219ti oficiali teme de interes deosebit pentru Rom\u00e2nia \u00een rela\u021bia cu organismele europene \u0219i NATO.<br \/>\n&#8220;Am dorit astfel s\u0103 subliniez importan\u021ba pe care o acord\u0103 \u021bara noastr\u0103 consolid\u0103rii profilului ca stat membru UE \u0219i NATO&#8221;, a ar\u0103tat \u0219eful statului, conform Agerpres.<br \/>\nEl a afirmat c\u0103 o prioritate a mandatului s\u0103u este realizarea unei integr\u0103ri aprofundate a Rom\u00e2niei, ar\u0103t\u00e2nd c\u0103 va transmite cu claritate acest mesaj.<br \/>\n&#8220;Vom discuta despre pa\u0219ii pe care Rom\u00e2nia trebuie s\u0103-i fac\u0103 pentru aceast\u0103 integrare aprofundat\u0103 \u0219i pentru a-\u0219i lua \u00een primire mai bine rolul de membru NATO&#8221;, a ar\u0103tat Iohannis.<br \/>\nDin delega\u021bia care \u00eel \u00eenso\u021be\u0219te pe pre\u0219edintele Iohannis la Bruxelles fac parte consilierii preziden\u021biali Dan Mihalache, George Scutaru, Leonard Orban, Cosmin Marinescu, Andrei Muraru \u0219i Tatiana Niculescu Bran \u2014 purt\u0103tor de cuv\u00e2nt al \u0219efului statului, consilierul personal Mihai R\u0103zvan Ungureanu \u0219i \u0219eful Statului Major General, general-locotenentul Nicolae Ciuc\u0103.<br \/>\nVizita la Bruxelles este prima vizit\u0103 extern\u0103 efectuat\u0103 de \u0219eful statului de la preluarea mandatului.\n<\/div>\n<p> Source URL: https:\/\/observatornews.ro\/politic\/preedintele-iohannis-a-ajuns-la-bruxelles-urmeaza-intalniri-cu-tusk-junker-i-stoltenberg-143409.html<\/p>\n","protected":false},"excerpt":{"rendered":"<p>Pre\u0219edintele Klaus Iohannis a ajuns joi la Bruxelles, unde efectueaz\u0103 p\u00e2n\u0103 vineri o vizit\u0103 oficial\u0103 Pre\u0219edintele Klaus Iohannis a ajuns joi la Bruxelles, unde efectueaz\u0103 p\u00e2n\u0103 vineri o vizit\u0103 oficial\u0103 \u0218eful statului urmeaz\u0103 s\u0103 aib\u0103 joi convorbiri cu pre\u0219edintele Consiliului European, Donald Tusk, \u0219i pre\u0219edintele Comisiei Europene, Jean-Claude Juncker, iar vineri cu secretarul general al [&hellip;]<\/p>\n","protected":false},"author":1,"featured_media":0,"comment_status":"open","ping_status":"","sticky":false,"template":"","format":"standard","meta":{"footnotes":""},"categories":[2],"tags":[30],"class_list":["post-384753","post","type-post","status-publish","format-standard","hentry","category-politics","tag-observatornews-ro"],"_links":{"self":[{"href":"https:\/\/analyse.optim.biz\/index.php?rest_route=\/wp\/v2\/posts\/384753","targetHints":{"allow":["GET"]}}],"collection":[{"href":"https:\/\/analyse.optim.biz\/index.php?rest_route=\/wp\/v2\/posts"}],"about":[{"href":"https:\/\/analyse.optim.biz\/index.php?rest_route=\/wp\/v2\/types\/post"}],"author":[{"embeddable":true,"href":"https:\/\/analyse.optim.biz\/index.php?rest_route=\/wp\/v2\/users\/1"}],"replies":[{"embeddable":true,"href":"https:\/\/analyse.optim.biz\/index.php?rest_route=%2Fwp%2Fv2%2Fcomments&post=384753"}],"version-history":[{"count":0,"href":"https:\/\/analyse.optim.biz\/index.php?rest_route=\/wp\/v2\/posts\/384753\/revisions"}],"wp:attachment":[{"href":"https:\/\/analyse.optim.biz\/index.php?rest_route=%2Fwp%2Fv2%2Fmedia&parent=384753"}],"wp:term":[{"taxonomy":"category","embeddable":true,"href":"https:\/\/analyse.optim.biz\/index.php?rest_route=%2Fwp%2Fv2%2Fcategories&post=384753"},{"taxonomy":"post_tag","embeddable":true,"href":"https:\/\/analyse.optim.biz\/index.php?rest_route=%2Fwp%2Fv2%2Ftags&post=384753"}],"curies":[{"name":"wp","href":"https:\/\/api.w.org\/{rel}","templated":true}]}}