{"id":384728,"date":"2015-01-17T17:32:50","date_gmt":"2015-01-17T14:32:50","guid":{"rendered":"https:\/\/analyse.optim.biz\/?p=384728"},"modified":"2015-01-17T17:32:50","modified_gmt":"2015-01-17T14:32:50","slug":"pdl-dator-pentru-hartia-igienica","status":"publish","type":"post","link":"https:\/\/analyse.optim.biz\/?p=384728","title":{"rendered":"PDL, dator pentru h\u00e2rtia igienic\u0103"},"content":{"rendered":"<div class=\"description\" data-key=\"description\">Se anun\u0163\u0103 vremuri tulburi pentru democrat-liberali! H\u00e2rtia igienic\u0103 le d\u0103 PDL i\u015ftilor dureri de cap. De mai bine de doi ani, PDL nu a mai achitat facturile de \u00eenchiriere \u015fi \u00eentre\u0163inere a s\u0103lilor c\u0103tre Camera Deputa\u0163ilor.<\/div>\n<div class=\"articleBody\" data-key=\"articleBody\">Se anun\u0163\u0103 vremuri tulburi pentru democrat-liberali! H\u00e2rtia igienic\u0103 le d\u0103 PDL i\u015ftilor dureri de cap. De mai bine de doi ani, PDL nu a mai achitat facturile de \u00eenchiriere \u015fi \u00eentre\u0163inere a s\u0103lilor c\u0103tre Camera Deputa\u0163ilor.\u00a0<br \/>\nSe anun\u0163\u0103 vremuri.tulburi pentru democrat-liberali. Nu mai au bani nici de h\u00e2rtie igienic\u0103. A\u015fa se face c\u0103 au ajuns la proces. Camera Deputa\u0163ilor a dat partidul \u00een judecat\u0103 pentru o datorie de peste 50.000 de lei.<\/p>\n<p>La acestea se adaug\u0103 \u015fi costurile de \u00eenchiriere ale s\u0103lilor \u00een care PDL a organizat reuniunile de partid. Toate cuprinse \u00een 6 contracte neonorate. Cheltuielile cu h\u00e2rtia igienic\u0103, de aproape 30 de mii de euro pe an, au dat \u00eentotdeauna dureri de cap parlamentarilor.<br \/>\nProblema h\u00e2rtiei igienice nepl\u0103tite va ajunge \u015fi la urechile liberalilor. Acum pre\u015fedintele Camerei Deputa\u0163ilor sper\u0103 s\u0103 recupereze banii de la noul partid Na\u0163ional Liberal.<\/p><\/div>\n<p> Source URL: https:\/\/observatornews.ro\/politic\/pdl-dator-pentru-hartia-igienica-143582.html<\/p>\n","protected":false},"excerpt":{"rendered":"<p>Se anun\u0163\u0103 vremuri tulburi pentru democrat-liberali! H\u00e2rtia igienic\u0103 le d\u0103 PDL i\u015ftilor dureri de cap. De mai bine de doi ani, PDL nu a mai achitat facturile de \u00eenchiriere \u015fi \u00eentre\u0163inere a s\u0103lilor c\u0103tre Camera Deputa\u0163ilor. Se anun\u0163\u0103 vremuri tulburi pentru democrat-liberali! H\u00e2rtia igienic\u0103 le d\u0103 PDL i\u015ftilor dureri de cap. De mai bine de [&hellip;]<\/p>\n","protected":false},"author":1,"featured_media":0,"comment_status":"open","ping_status":"","sticky":false,"template":"","format":"standard","meta":{"footnotes":""},"categories":[2],"tags":[30],"class_list":["post-384728","post","type-post","status-publish","format-standard","hentry","category-politics","tag-observatornews-ro"],"_links":{"self":[{"href":"https:\/\/analyse.optim.biz\/index.php?rest_route=\/wp\/v2\/posts\/384728","targetHints":{"allow":["GET"]}}],"collection":[{"href":"https:\/\/analyse.optim.biz\/index.php?rest_route=\/wp\/v2\/posts"}],"about":[{"href":"https:\/\/analyse.optim.biz\/index.php?rest_route=\/wp\/v2\/types\/post"}],"author":[{"embeddable":true,"href":"https:\/\/analyse.optim.biz\/index.php?rest_route=\/wp\/v2\/users\/1"}],"replies":[{"embeddable":true,"href":"https:\/\/analyse.optim.biz\/index.php?rest_route=%2Fwp%2Fv2%2Fcomments&post=384728"}],"version-history":[{"count":0,"href":"https:\/\/analyse.optim.biz\/index.php?rest_route=\/wp\/v2\/posts\/384728\/revisions"}],"wp:attachment":[{"href":"https:\/\/analyse.optim.biz\/index.php?rest_route=%2Fwp%2Fv2%2Fmedia&parent=384728"}],"wp:term":[{"taxonomy":"category","embeddable":true,"href":"https:\/\/analyse.optim.biz\/index.php?rest_route=%2Fwp%2Fv2%2Fcategories&post=384728"},{"taxonomy":"post_tag","embeddable":true,"href":"https:\/\/analyse.optim.biz\/index.php?rest_route=%2Fwp%2Fv2%2Ftags&post=384728"}],"curies":[{"name":"wp","href":"https:\/\/api.w.org\/{rel}","templated":true}]}}