{"id":384727,"date":"2015-01-18T13:09:00","date_gmt":"2015-01-18T10:09:00","guid":{"rendered":"https:\/\/analyse.optim.biz\/?p=384727"},"modified":"2015-01-18T13:09:00","modified_gmt":"2015-01-18T10:09:00","slug":"mediafax-hrebenciuc-si-a-recunoscut-partial-faptele","status":"publish","type":"post","link":"https:\/\/analyse.optim.biz\/?p=384727","title":{"rendered":"Mediafax: Hrebenciuc \u015fi-a recunoscut par\u0163ial faptele"},"content":{"rendered":"<div class=\"description\" data-key=\"description\">Viorel Hrebenciuc \u015fi-a recunoscut par\u0163ial faptele de care este acuzat, arat\u0103 procurorii DNA, care se preg\u0103tesc s\u0103 finalizeze dosarul retroced\u0103rilor ilegale de terenuri \u015fi s\u0103 \u00eel trimit\u0103 \u00een instan\u0163\u0103<\/div>\n<div class=\"articleBody\" data-key=\"articleBody\">Viorel Hrebenciuc \u015fi-a recunoscut par\u0163ial faptele de care este acuzat, arat\u0103 procurorii DNA, care se preg\u0103tesc s\u0103 finalizeze dosarul retroced\u0103rilor ilegale de terenuri \u015fi s\u0103 \u00eel trimit\u0103 \u00een instan\u0163\u0103.\u00a0<br \/>\nFostul deputat PSD Viorel Hrebenciuc \u015fi-a recunoscut doar par\u0163ial faptele de corup\u0163ie de care este acuzat de procurorii DNA Bra\u015fov, \u00een dosarul privind retrocedarea ilegal\u0103, \u00een favoarea lui Gheorghe Paltin Sturdza, a peste 43.000 de hectare de p\u0103dure, se arat\u0103 \u00een ultimul referat cu propunerea de prelungire a m\u0103surilor preventive luate fa\u0163\u0103 de persoanele inculpate \u00een acest caz, document ob\u0163inut de MEDIAFAX.<br \/>\n\u00cen documentul citat, anchetatorii arat\u0103 c\u0103, &#8220;fiind audia\u0163i, inculpa\u0163ii Hrebenciuc Viorel, Hrebenciuc Andrei, Adam Ioan, Bengescu Dan Costin au recunoscut \u00een parte s\u0103v\u00e2r\u015firea infrac\u0163iunilor de care sunt acuza\u0163i&#8221;.<br \/>\n&#8220;Paltin Gheorghe Sturdza nu a recunoscut s\u0103v\u00e2r\u015firea vreunei infrac\u0163iuni. Adam Ioan a formulat denun\u0163 \u00een prezenta cauz\u0103, prin care a ar\u0103tat c\u0103 i-a oferit mit\u0103 judec\u0103torului Ordog Lorand Andras pentru ob\u0163inerea deciziei 231\/2012 a Tribunalului Covasna. Kadas Iosif, Poenaru J\u0103nic\u0103 \u015fi Iacob Sorin Ioan nu au recunoscut comiterea faptelor de care sunt acuza\u0163i&#8221;, au scris procurorii DNA \u00een referatul citat.<\/div>\n<p> Source URL: https:\/\/observatornews.ro\/politic\/mediafax-hrebenciuc-sia-recunoscut-partial-faptele-143612.html<\/p>\n","protected":false},"excerpt":{"rendered":"<p>Viorel Hrebenciuc \u015fi-a recunoscut par\u0163ial faptele de care este acuzat, arat\u0103 procurorii DNA, care se preg\u0103tesc s\u0103 finalizeze dosarul retroced\u0103rilor ilegale de terenuri \u015fi s\u0103 \u00eel trimit\u0103 \u00een instan\u0163\u0103 Viorel Hrebenciuc \u015fi-a recunoscut par\u0163ial faptele de care este acuzat, arat\u0103 procurorii DNA, care se preg\u0103tesc s\u0103 finalizeze dosarul retroced\u0103rilor ilegale de terenuri \u015fi s\u0103 \u00eel [&hellip;]<\/p>\n","protected":false},"author":1,"featured_media":0,"comment_status":"open","ping_status":"","sticky":false,"template":"","format":"standard","meta":{"footnotes":""},"categories":[2],"tags":[30],"class_list":["post-384727","post","type-post","status-publish","format-standard","hentry","category-politics","tag-observatornews-ro"],"_links":{"self":[{"href":"https:\/\/analyse.optim.biz\/index.php?rest_route=\/wp\/v2\/posts\/384727","targetHints":{"allow":["GET"]}}],"collection":[{"href":"https:\/\/analyse.optim.biz\/index.php?rest_route=\/wp\/v2\/posts"}],"about":[{"href":"https:\/\/analyse.optim.biz\/index.php?rest_route=\/wp\/v2\/types\/post"}],"author":[{"embeddable":true,"href":"https:\/\/analyse.optim.biz\/index.php?rest_route=\/wp\/v2\/users\/1"}],"replies":[{"embeddable":true,"href":"https:\/\/analyse.optim.biz\/index.php?rest_route=%2Fwp%2Fv2%2Fcomments&post=384727"}],"version-history":[{"count":0,"href":"https:\/\/analyse.optim.biz\/index.php?rest_route=\/wp\/v2\/posts\/384727\/revisions"}],"wp:attachment":[{"href":"https:\/\/analyse.optim.biz\/index.php?rest_route=%2Fwp%2Fv2%2Fmedia&parent=384727"}],"wp:term":[{"taxonomy":"category","embeddable":true,"href":"https:\/\/analyse.optim.biz\/index.php?rest_route=%2Fwp%2Fv2%2Fcategories&post=384727"},{"taxonomy":"post_tag","embeddable":true,"href":"https:\/\/analyse.optim.biz\/index.php?rest_route=%2Fwp%2Fv2%2Ftags&post=384727"}],"curies":[{"name":"wp","href":"https:\/\/api.w.org\/{rel}","templated":true}]}}