{"id":384723,"date":"2015-01-20T11:24:00","date_gmt":"2015-01-20T08:24:00","guid":{"rendered":"https:\/\/analyse.optim.biz\/?p=384723"},"modified":"2015-01-20T11:24:00","modified_gmt":"2015-01-20T08:24:00","slug":"iohannis-a-promulgat-modificarile-la-codul-muncii-privind-salariarul-temporar-si-concediul-de-odihna","status":"publish","type":"post","link":"https:\/\/analyse.optim.biz\/?p=384723","title":{"rendered":"Iohannis a promulgat modific\u0103rile la Codul Muncii privind salariarul temporar \u015fi concediul de odihn\u0103"},"content":{"rendered":"<div class=\"description\" data-key=\"description\">Pre\u015fedintele Klaus Iohannis a promulgat, mar\u0163i, legea pentru modificarea \u015fi completarea Legii nr. 53\/2003, Codul muncii, care se refer\u0103 la drepturile salariatului temporar \u015fi la durata concediului de odihn\u0103 anual<\/div>\n<div class=\"articleBody\" data-key=\"articleBody\">Pre\u015fedintele Klaus Iohannis a promulgat, mar\u0163i, legea pentru modificarea \u015fi completarea Legii nr. 53\/2003, Codul muncii, care se refer\u0103 la drepturile salariatului temporar \u015fi la durata concediului de odihn\u0103 anual<br \/>\nPropunerea legislativ\u0103 pentru modificarea \u015fi completarea Legii 53\/2003, Codul Muncii, av\u00e2nd ca ini\u0163iatori 60 de deputa\u0163i \u015fi senatori PSD, a fost respins\u0103 \u00een aprilie de Senat, \u00een calitate de prim\u0103 Camer\u0103 sesizat\u0103, \u015fi a fost adoptat\u0103 de Camera Deputa\u0163ilor, forul legislativ decizional, \u00een 3 decembrie 2014.<br \/>\nConform expunerii de motive, prin aceast\u0103 reglementare s-a avut \u00een vedere continuarea transpunerii Directivei 2008\/104\/CE privind munca prin agent de munc\u0103 temporar\u0103.<br \/>\nAstfel, modific\u0103rile au avut la baz\u0103 faptul c\u0103 dispozi\u0163iile Directivei nu disting cu privire la natura contractului de munc\u0103 temporar\u0103, nu se face deosebirea cu privire la durata determinat\u0103 sau nedeterminat\u0103 a acestuia. De asemenea, prevederile Directivei stabilesc c\u0103 lucr\u0103torul lucreaz\u0103 temporar numai la \u00eentreprinderea utilizatoare.<br \/>\n\u00cen urma adopt\u0103rii acestei legi, parlamentarii liberali au sesizat \u00een 9 decembrie Curtea Constitu\u0163ional\u0103 cu privire la unele prevederi ale legii pentru modificarea \u015fi completarea Codului muncii.<br \/>\nPNL a solicitat Cur\u0163ii Constitu\u0163ionale s\u0103 constate c\u0103 prevederile alineatelor (3) \u015fi (4) ale art. 92, dar \u015fi prevederile alin (2) \u015fi (4) ale art. 145 din Legea pentru modificarea \u015fi completarea Legii 53\/2003 Codul muncii (PL-x nr. 189\/2014), sunt neconstitu\u0163ionale, invoc\u00e2ndu-se \u00eenc\u0103lcarea art. 148 alin (2) \u015fi urm\u0103toarele din Constitu\u0163ia Rom\u00e2niei prin netranspunerea corect\u0103 a Directivei 2008\/104\/CE.<br \/>\nCurtea Constitu\u0163ional\u0103 a respins, pe 17 decembrie 2014, cu unanimitate de voturi, ca ne\u00eentemeiat\u0103, obiec\u0163ia de neconstitu\u0163ionalitate \u015fi a constatat c\u0103 prevederile dispozi\u0163iilor art.I pct.3 cu referire la art.92 alin.(3) \u015fi (4), art.I pct.4 cu referire la art.145 alin.(2) \u015fi art.I pct.5 cu referire la art.145 alin.(4) din Legea pentru modificarea \u015fi completarea Legii nr.53\/2003 \u2013 Codul muncii sunt constitu\u0163ionale \u00een raport de criticile formulate.\n<\/div>\n<p> Source URL: https:\/\/observatornews.ro\/politic\/iohannis-a-promulgat-modificarile-la-codul-muncii-privind-salariarul-temporar-si-concediul-de-odihna-143748.html<\/p>\n","protected":false},"excerpt":{"rendered":"<p>Pre\u015fedintele Klaus Iohannis a promulgat, mar\u0163i, legea pentru modificarea \u015fi completarea Legii nr. 53\/2003, Codul muncii, care se refer\u0103 la drepturile salariatului temporar \u015fi la durata concediului de odihn\u0103 anual Pre\u015fedintele Klaus Iohannis a promulgat, mar\u0163i, legea pentru modificarea \u015fi completarea Legii nr. 53\/2003, Codul muncii, care se refer\u0103 la drepturile salariatului temporar \u015fi la [&hellip;]<\/p>\n","protected":false},"author":1,"featured_media":384724,"comment_status":"open","ping_status":"","sticky":false,"template":"","format":"standard","meta":{"footnotes":""},"categories":[2],"tags":[30],"class_list":["post-384723","post","type-post","status-publish","format-standard","has-post-thumbnail","hentry","category-politics","tag-observatornews-ro"],"_links":{"self":[{"href":"https:\/\/analyse.optim.biz\/index.php?rest_route=\/wp\/v2\/posts\/384723","targetHints":{"allow":["GET"]}}],"collection":[{"href":"https:\/\/analyse.optim.biz\/index.php?rest_route=\/wp\/v2\/posts"}],"about":[{"href":"https:\/\/analyse.optim.biz\/index.php?rest_route=\/wp\/v2\/types\/post"}],"author":[{"embeddable":true,"href":"https:\/\/analyse.optim.biz\/index.php?rest_route=\/wp\/v2\/users\/1"}],"replies":[{"embeddable":true,"href":"https:\/\/analyse.optim.biz\/index.php?rest_route=%2Fwp%2Fv2%2Fcomments&post=384723"}],"version-history":[{"count":0,"href":"https:\/\/analyse.optim.biz\/index.php?rest_route=\/wp\/v2\/posts\/384723\/revisions"}],"wp:featuredmedia":[{"embeddable":true,"href":"https:\/\/analyse.optim.biz\/index.php?rest_route=\/wp\/v2\/media\/384724"}],"wp:attachment":[{"href":"https:\/\/analyse.optim.biz\/index.php?rest_route=%2Fwp%2Fv2%2Fmedia&parent=384723"}],"wp:term":[{"taxonomy":"category","embeddable":true,"href":"https:\/\/analyse.optim.biz\/index.php?rest_route=%2Fwp%2Fv2%2Fcategories&post=384723"},{"taxonomy":"post_tag","embeddable":true,"href":"https:\/\/analyse.optim.biz\/index.php?rest_route=%2Fwp%2Fv2%2Ftags&post=384723"}],"curies":[{"name":"wp","href":"https:\/\/api.w.org\/{rel}","templated":true}]}}