{"id":384703,"date":"2015-01-20T14:53:00","date_gmt":"2015-01-20T11:53:00","guid":{"rendered":"https:\/\/analyse.optim.biz\/?p=384703"},"modified":"2015-01-20T14:53:00","modified_gmt":"2015-01-20T11:53:00","slug":"pinalti-fostul-primar-piatra-neamt-a-suferit-un-infarct","status":"publish","type":"post","link":"https:\/\/analyse.optim.biz\/?p=384703","title":{"rendered":"Pinalti, fostul primar Piatra Neam\u0163, a suferit un INFARCT!"},"content":{"rendered":"<div class=\"description\" data-key=\"description\">Gheorghe \u015etefan, zis Pinalti, a f\u0103cut infarct. Fostul primar se afl\u0103 de aproape trei luni \u00een \u00eenchisoare, acuzat de evaziune fiscal\u0103 \u00een dosarul &#8220;Microsoft&#8221;<\/div>\n<div class=\"articleBody\" data-key=\"articleBody\">Gheorghe \u015etefan, zis Pinalti, a f\u0103cut infarct. Fostul primar se afl\u0103 de aproape trei luni \u00een \u00eenchisoare, acuzat de evaziune fiscal\u0103 \u00een dosarul &#8220;Microsoft&#8221;<br \/>\nGheorghe \u015etefan are 61 de ani.<\/p>\n<p>&#8220;Nu prea m\u0103n\u00e2nc\u0103, nu suporta condi\u0163iile. El a fost mereu obsedat de cur\u0103\u0163enie, i-a pl\u0103cut s\u0103 aib\u0103 spa\u0163iu. Nu suport\u0103 s\u0103 \u00eempart\u0103 celul\u0103, nu suport\u0103 s\u0103 stea \u00eenchis, \u00eei este groaz\u0103 de ce vede \u00een \u00eenchisoare. Nu reu\u015fe\u015fte s\u0103 se obi\u015fnuiasc\u0103, s\u0103 se mobilizeze. A dat jos aproximativ 12 kilograme, a ajuns de nerecunoscut. Ia medicamente pentru inima \u015fi pentru tensiune \u00een fiecare zi&#8221;, a declarat un apropiat al afaceristului.<br \/>\nVom reveni cu am\u0103nunte!<\/p><\/div>\n<p> Source URL: https:\/\/observatornews.ro\/politic\/pinalti-fostul-primar-piatra-neamt-a-suferit-un-infarct-143767.html<\/p>\n","protected":false},"excerpt":{"rendered":"<p>Gheorghe \u015etefan, zis Pinalti, a f\u0103cut infarct. Fostul primar se afl\u0103 de aproape trei luni \u00een \u00eenchisoare, acuzat de evaziune fiscal\u0103 \u00een dosarul &#8220;Microsoft&#8221; Gheorghe \u015etefan, zis Pinalti, a f\u0103cut infarct. Fostul primar se afl\u0103 de aproape trei luni \u00een \u00eenchisoare, acuzat de evaziune fiscal\u0103 \u00een dosarul &#8220;Microsoft&#8221; Gheorghe \u015etefan are 61 de ani. &#8220;Nu [&hellip;]<\/p>\n","protected":false},"author":1,"featured_media":0,"comment_status":"open","ping_status":"","sticky":false,"template":"","format":"standard","meta":{"footnotes":""},"categories":[2],"tags":[30],"class_list":["post-384703","post","type-post","status-publish","format-standard","hentry","category-politics","tag-observatornews-ro"],"_links":{"self":[{"href":"https:\/\/analyse.optim.biz\/index.php?rest_route=\/wp\/v2\/posts\/384703","targetHints":{"allow":["GET"]}}],"collection":[{"href":"https:\/\/analyse.optim.biz\/index.php?rest_route=\/wp\/v2\/posts"}],"about":[{"href":"https:\/\/analyse.optim.biz\/index.php?rest_route=\/wp\/v2\/types\/post"}],"author":[{"embeddable":true,"href":"https:\/\/analyse.optim.biz\/index.php?rest_route=\/wp\/v2\/users\/1"}],"replies":[{"embeddable":true,"href":"https:\/\/analyse.optim.biz\/index.php?rest_route=%2Fwp%2Fv2%2Fcomments&post=384703"}],"version-history":[{"count":0,"href":"https:\/\/analyse.optim.biz\/index.php?rest_route=\/wp\/v2\/posts\/384703\/revisions"}],"wp:attachment":[{"href":"https:\/\/analyse.optim.biz\/index.php?rest_route=%2Fwp%2Fv2%2Fmedia&parent=384703"}],"wp:term":[{"taxonomy":"category","embeddable":true,"href":"https:\/\/analyse.optim.biz\/index.php?rest_route=%2Fwp%2Fv2%2Fcategories&post=384703"},{"taxonomy":"post_tag","embeddable":true,"href":"https:\/\/analyse.optim.biz\/index.php?rest_route=%2Fwp%2Fv2%2Ftags&post=384703"}],"curies":[{"name":"wp","href":"https:\/\/api.w.org\/{rel}","templated":true}]}}