{"id":384701,"date":"2015-01-22T15:39:00","date_gmt":"2015-01-22T12:39:00","guid":{"rendered":"https:\/\/analyse.optim.biz\/?p=384701"},"modified":"2015-01-22T15:39:00","modified_gmt":"2015-01-22T12:39:00","slug":"ponta-vad-o-inrautatire-a-relatiilor-cu-federatia-rusa","status":"publish","type":"post","link":"https:\/\/analyse.optim.biz\/?p=384701","title":{"rendered":"Ponta: V\u0103d o \u00eenr\u0103ut\u0103\u021bire a rela\u021biilor cu Federa\u021bia Rus\u0103!"},"content":{"rendered":"<div class=\"description\" data-key=\"description\">Premierul Victor Ponta a declarat joi c\u0103, \u00een opinia sa, rela\u021biile Rom\u00e2niei cu Federa\u021bia Rus\u0103 se vor \u00eenr\u0103ut\u0103\u021bi pe termen scurt \u0219i mediu at\u00e2t din cauza conflictului din Estul Ucrainei, c\u00e2t \u0219i a intereselor ireconciliabile ale celor dou\u0103 \u021b\u0103ri \u00een privin\u021ba Republicii Moldova<\/div>\n<div class=\"articleBody\" data-key=\"articleBody\">\nPremierul Victor Ponta a declarat joi c\u0103, \u00een opinia sa, rela\u021biile Rom\u00e2niei cu Federa\u021bia Rus\u0103 se vor \u00eenr\u0103ut\u0103\u021bi pe termen scurt \u0219i mediu at\u00e2t din cauza conflictului din Estul Ucrainei, c\u00e2t \u0219i a intereselor ireconciliabile ale celor dou\u0103 \u021b\u0103ri \u00een privin\u021ba Republicii Moldova<br \/>\n&#8220;Nu v\u0103d niciun semn de \u00eembun\u0103t\u0103\u021bire a rela\u021biilor Rom\u00e2niei (..) cu Rusia, dimpotriv\u0103, v\u0103d o \u00eenr\u0103ut\u0103\u021bire. Pentru c\u0103 ceea ce s-a repornit acum \u00een Estul Ucrainei continu\u0103, sprijin militar \u2014 a\u0219a cum e el, ajutoare umanitare \u2014 sau, Doamne fere\u0219te, o extindere a conflictului, evident c\u0103 situa\u021bia va fi mai rea \u0219i c\u0103 Rom\u00e2nia \u00ee\u0219i va p\u0103stra pozi\u021bia ca \u0219i Polonia, ca \u0219i \u021b\u0103rile baltice, o pozi\u021bie intransigent\u0103 fa\u021b\u0103 de ceea ce face Federa\u021bia Rus\u0103&#8221;, a afirmat Ponta, \u00eentr-un interviu pentru jurnalul.ro.<br \/>\n\u00cen plus, prim-ministrul a subliniat c\u0103 Rom\u00e2nia are un &#8220;obiectiv na\u021bional fundamental, \u0219i anume Moldova, \u0219i acolo interesele noastre \u0219i ale Rusiei sunt total opuse&#8221;.<br \/>\n&#8220;Sunt ireconciliabile ca s\u0103 spun a\u0219a. Noi vrem ca Moldova, \u00een primul r\u00e2nd, s\u0103 aib\u0103 integritate teritorial\u0103 \u2014 \u00een Transnistria vede\u021bi ce se \u00eent\u00e2mpl\u0103 \u0219i cine \u00eei sus\u021bine. Vrem ca Moldova s\u0103 mearg\u0103 pe parcursul pro european iar Rusia se opune. Noi sprijinim ni\u0219te oameni politici \u2014 coali\u021bia proeuropean\u0103 \u2014 iar Rusia \u00eel sus\u021bine pe domnul Dodon (Igor Dodon, pre\u0219edintele Partidului Sociali\u0219tilor din Republica Moldova \u2014 n.r.). Din punctul de vedere al rela\u021biilor cu Rusia, nu va fi dec\u00e2t mai r\u0103u pe termen scurt \u0219i mediu, nu \u0219tiu ce va fi pe termen lung&#8221;, a explicat \u0219eful Guvernului.<\/div>\n<p> Source URL: https:\/\/observatornews.ro\/politic\/ponta-vad-o-inrautaire-a-relaiilor-cu-federaia-rusa-143940.html<\/p>\n","protected":false},"excerpt":{"rendered":"<p>Premierul Victor Ponta a declarat joi c\u0103, \u00een opinia sa, rela\u021biile Rom\u00e2niei cu Federa\u021bia Rus\u0103 se vor \u00eenr\u0103ut\u0103\u021bi pe termen scurt \u0219i mediu at\u00e2t din cauza conflictului din Estul Ucrainei, c\u00e2t \u0219i a intereselor ireconciliabile ale celor dou\u0103 \u021b\u0103ri \u00een privin\u021ba Republicii Moldova Premierul Victor Ponta a declarat joi c\u0103, \u00een opinia sa, rela\u021biile Rom\u00e2niei [&hellip;]<\/p>\n","protected":false},"author":1,"featured_media":0,"comment_status":"open","ping_status":"","sticky":false,"template":"","format":"standard","meta":{"footnotes":""},"categories":[2],"tags":[30],"class_list":["post-384701","post","type-post","status-publish","format-standard","hentry","category-politics","tag-observatornews-ro"],"_links":{"self":[{"href":"https:\/\/analyse.optim.biz\/index.php?rest_route=\/wp\/v2\/posts\/384701","targetHints":{"allow":["GET"]}}],"collection":[{"href":"https:\/\/analyse.optim.biz\/index.php?rest_route=\/wp\/v2\/posts"}],"about":[{"href":"https:\/\/analyse.optim.biz\/index.php?rest_route=\/wp\/v2\/types\/post"}],"author":[{"embeddable":true,"href":"https:\/\/analyse.optim.biz\/index.php?rest_route=\/wp\/v2\/users\/1"}],"replies":[{"embeddable":true,"href":"https:\/\/analyse.optim.biz\/index.php?rest_route=%2Fwp%2Fv2%2Fcomments&post=384701"}],"version-history":[{"count":0,"href":"https:\/\/analyse.optim.biz\/index.php?rest_route=\/wp\/v2\/posts\/384701\/revisions"}],"wp:attachment":[{"href":"https:\/\/analyse.optim.biz\/index.php?rest_route=%2Fwp%2Fv2%2Fmedia&parent=384701"}],"wp:term":[{"taxonomy":"category","embeddable":true,"href":"https:\/\/analyse.optim.biz\/index.php?rest_route=%2Fwp%2Fv2%2Fcategories&post=384701"},{"taxonomy":"post_tag","embeddable":true,"href":"https:\/\/analyse.optim.biz\/index.php?rest_route=%2Fwp%2Fv2%2Ftags&post=384701"}],"curies":[{"name":"wp","href":"https:\/\/api.w.org\/{rel}","templated":true}]}}