{"id":384657,"date":"2015-01-27T11:24:00","date_gmt":"2015-01-27T08:24:00","guid":{"rendered":"https:\/\/analyse.optim.biz\/?p=384657"},"modified":"2015-01-27T11:24:00","modified_gmt":"2015-01-27T08:24:00","slug":"george-maior-a-demisionat-de-la-sefia-sri","status":"publish","type":"post","link":"https:\/\/analyse.optim.biz\/?p=384657","title":{"rendered":"George Maior a DEMISIONAT de la \u015fefia SRI!"},"content":{"rendered":"<div class=\"description\" data-key=\"description\">George Cristian Maior \u015fi-a dat demisia, mar\u0163i, din func\u0163ia de director al Serviciului Rom\u00e2n de Informa\u0163ii (SRI)<\/div>\n<div class=\"articleBody\" data-key=\"articleBody\">\nGeorge Cristian Maior \u015fi-a dat demisia, mar\u0163i, din func\u0163ia de director al Serviciului Rom\u00e2n de Informa\u0163ii (SRI)<br \/>\nPre\u015fedintele Klaus Iohannis a acceptat demisia lui Maior, se arat\u0103 \u00eentr-un comunicat al Administra\u0163iei Preziden\u0163iale.<br \/>\n&#8220;Directorul Serviciului Rom\u00e2n de Informa\u0163ii, domnul George Maior, \u015fi-a \u00eenaintat demisia de la conducerea SRI Pre\u015fedintelui Rom\u00e2niei, mar\u0163i, 27 ianuarie a.c. Pre\u015fedintele Rom\u00e2niei, domnul Klaus Iohannis, i-a acceptat demisia&#8221;, informeaz\u0103 site-ul Pre\u015fedin\u0163iei.<br \/>\nPotrivit unor surse, demisia lui Maior ar fi cauzat\u0103 de interviul din week-end. \u00cen urm\u0103 cu c\u00e2teva zile, Maior a dat un interviu \u00een care a vorbit despre agen\u0163ii acoperi\u0163i din pres\u0103 \u015fi suspec\u0163ii de terorism care au tranzitat \u0163ara noastr\u0103 recent.<\/p>\n<p>George Maior a de\u0163inut func\u0163ia de director al SRI timp de peste opt ani, el devenind cel de-al patrulea director al Serviciului Rom\u00e2n de Informa\u0163ii la data de 4 octombrie 2006.<\/p>\n<p>Anterior desemn\u0103rii sale la conducerea SRI, Maior a fost senator PSD, el fiind \u015fi pre\u015fedinte al Comisiei pentru Ap\u0103rare, Ordine Public\u0103 \u015fi Securitate Na\u0163ional\u0103 din Senat.<br \/>\n\u00cen perioada 2000-2004 a fost secretar de stat \u015fi \u015fef al Departamentului pentru Integrare Euroatlantic\u0103 \u015fi Politica de Ap\u0103rare din Ministerul Ap\u0103r\u0103rii Na\u0163ionale. \u00cen aceast\u0103 calitate a coordonat, din punct de vedere strategic \u015fi militar, aderarea Rom\u00e2niei la Organiza\u0163ia Tratatului Nord-Atlantic.<br \/>\n\u00centre anii 1992 \u015fi 1997 a lucrat ca diplomat \u00een cadrul Ministerului Afacerilor Externe, la Departamentul Tratate \u015fi la Departamentul Afaceri Strategice. Din anul 1997 p\u00e2n\u0103 \u00een anul 1999 a \u00eendeplinit func\u0163ia de \u00cens\u0103rcinat cu Afaceri al Ambasadei Rom\u00e2niei din Dublin, Irlanda. \u00cen anul 2004 i-a fost conferit gradul diplomatic de Ambasador \u00een Ministerul Afacerilor Externe.<\/p><\/div>\n<p> Source URL: https:\/\/observatornews.ro\/politic\/george-maior-a-demisionat-de-la-sefia-sri-144288.html<\/p>\n","protected":false},"excerpt":{"rendered":"<p>George Cristian Maior \u015fi-a dat demisia, mar\u0163i, din func\u0163ia de director al Serviciului Rom\u00e2n de Informa\u0163ii (SRI) George Cristian Maior \u015fi-a dat demisia, mar\u0163i, din func\u0163ia de director al Serviciului Rom\u00e2n de Informa\u0163ii (SRI) Pre\u015fedintele Klaus Iohannis a acceptat demisia lui Maior, se arat\u0103 \u00eentr-un comunicat al Administra\u0163iei Preziden\u0163iale. &#8220;Directorul Serviciului Rom\u00e2n de Informa\u0163ii, domnul [&hellip;]<\/p>\n","protected":false},"author":1,"featured_media":0,"comment_status":"open","ping_status":"","sticky":false,"template":"","format":"standard","meta":{"footnotes":""},"categories":[2],"tags":[30],"class_list":["post-384657","post","type-post","status-publish","format-standard","hentry","category-politics","tag-observatornews-ro"],"_links":{"self":[{"href":"https:\/\/analyse.optim.biz\/index.php?rest_route=\/wp\/v2\/posts\/384657","targetHints":{"allow":["GET"]}}],"collection":[{"href":"https:\/\/analyse.optim.biz\/index.php?rest_route=\/wp\/v2\/posts"}],"about":[{"href":"https:\/\/analyse.optim.biz\/index.php?rest_route=\/wp\/v2\/types\/post"}],"author":[{"embeddable":true,"href":"https:\/\/analyse.optim.biz\/index.php?rest_route=\/wp\/v2\/users\/1"}],"replies":[{"embeddable":true,"href":"https:\/\/analyse.optim.biz\/index.php?rest_route=%2Fwp%2Fv2%2Fcomments&post=384657"}],"version-history":[{"count":0,"href":"https:\/\/analyse.optim.biz\/index.php?rest_route=\/wp\/v2\/posts\/384657\/revisions"}],"wp:attachment":[{"href":"https:\/\/analyse.optim.biz\/index.php?rest_route=%2Fwp%2Fv2%2Fmedia&parent=384657"}],"wp:term":[{"taxonomy":"category","embeddable":true,"href":"https:\/\/analyse.optim.biz\/index.php?rest_route=%2Fwp%2Fv2%2Fcategories&post=384657"},{"taxonomy":"post_tag","embeddable":true,"href":"https:\/\/analyse.optim.biz\/index.php?rest_route=%2Fwp%2Fv2%2Ftags&post=384657"}],"curies":[{"name":"wp","href":"https:\/\/api.w.org\/{rel}","templated":true}]}}