{"id":384655,"date":"2015-01-27T17:45:02","date_gmt":"2015-01-27T14:45:02","guid":{"rendered":"https:\/\/analyse.optim.biz\/?p=384655"},"modified":"2015-01-27T17:45:02","modified_gmt":"2015-01-27T14:45:02","slug":"banii-din-campanie-l-au-lasat-lefter-pe-fostul-ministru-al-telecomunicatiilor","status":"publish","type":"post","link":"https:\/\/analyse.optim.biz\/?p=384655","title":{"rendered":"Banii din campanie l-au l\u0103sat lefter pe fostul ministru al Telecomunica\u0163iilor"},"content":{"rendered":"<div class=\"description\" data-key=\"description\">Campaniile electorale te las\u0103 cu buzunarele goale. \u015ei cu datorii la banc\u0103. O spune fostul ministru al Telecomunica\u0163iilor, Gabriel Sandu. Fostul demnitar a f\u0103cut \u00een fa\u0163a procurorilor DNA, \u00eentreg inventarul investi\u0163iilor din cadrul PDL<\/div>\n<div class=\"articleBody\" data-key=\"articleBody\">Campaniile electorale te las\u0103 cu buzunarele goale. \u015ei cu datorii la banc\u0103. O spune fostul ministru al telecomunica\u0163iilor, Gabriel Sandu. Fostul demnitar a f\u0103cut \u00een fa\u0163a procurorilor DNA \u00eentreg inventarul investi\u0163iilor din cadrul PDL<\/p>\n<p>Iar sumele nu sunt deloc de neglijat, mai ales c\u00e2nd e vorba despre fostul pre\u015fedinte Traian B\u0103sescu. Peste 2 milioane de euro ar fi cheltuit Sandu pentru ca B\u0103sescu s\u0103 \u00ee\u015fi p\u0103streze fotoliul de pre\u015fedinte.<br \/>\nO t\u0103cere solemn\u0103 \u00een fa\u0163a camerelor de filmat. O m\u0103rturie exploziv\u0103, \u00eens\u0103, pe colile de h\u00e2rtie ale procurorilor DNA. Fostul ministru al Telecomunica\u0163iilor, Gabriel Sandu, a a\u015fternut \u00een scris fiecare eurocent cheltuit de el pentru Partidul Democrat-Liberal sau liderii acestuia.<br \/>\nIar Gabriel Sandu nu a fost departe de aceste versuri. \u00cen declara\u0163ia dat\u0103 la DNA, fostul demnitar se pl\u00e2nge c\u0103 realegerea lui Traian B\u0103sescu \u00een func\u0163ia de pre\u015fedinte a fost rezultatul unei campanii care l-ar fi l\u0103sat aproape lefter. Un milion;i jumtate de euro ar fi cheltuit numai pe scrisorile electorale. Iar cu peste 700 de mii ar fi cotizat cash.<br \/>\nNici mezina preziden\u0163ial\u0103 nu a fost tocmai un personaj ieftin, rememoreaz\u0103 Sandu, care spune c\u0103, pentru europarlamentarele la care a candidat Elena B\u0103sescu, a scos din buzunar peste 300 de mii de euro. Tricourile ar fi costat cel mai mult: 150 de mii de euro. Nevoia de bani pentru campanie a sim\u0163it-o Sandu \u015fi \u00een 2012, c\u00e2nd Elena Udrea ar fi cerut pentru alegerile parlamentare anumite produse inedite. Printre care sosete \u015fi pomi fructiferi de r\u0103sad.<br \/>\nCelebrele tricouri cu buldog ale lui Vasile Blaga au fost \u015fi ele suficient de p\u0103guboase pentru bugetul fostului demnitar. Care a investit \u015fi \u00een campania pentru fotoliul de primar al Capitalei.<br \/>\nO dat\u0103 cu demisia din func\u0163ia de ministru al telecomunica\u0163iilor, Gabriel Sandu a tras linie \u015fi dup\u0103 investi\u0163iile mai mult sau pu\u0163in voite pe care le-a f\u0103cut pentru PDL. \u015ei a stabilit c\u0103 are un credit de 80 de mii de euro pe care \u00eel pl\u0103te\u015fte \u015fi acum, la ani de zile distan\u0163\u0103. <\/p><\/div>\n<p> Source URL: https:\/\/observatornews.ro\/politic\/banii-din-campanie-lau-lasat-lefter-pe-fostul-ministru-al-telecomunicatiilor-144324.html<\/p>\n","protected":false},"excerpt":{"rendered":"<p>Campaniile electorale te las\u0103 cu buzunarele goale. \u015ei cu datorii la banc\u0103. O spune fostul ministru al Telecomunica\u0163iilor, Gabriel Sandu. Fostul demnitar a f\u0103cut \u00een fa\u0163a procurorilor DNA, \u00eentreg inventarul investi\u0163iilor din cadrul PDL Campaniile electorale te las\u0103 cu buzunarele goale. \u015ei cu datorii la banc\u0103. O spune fostul ministru al telecomunica\u0163iilor, Gabriel Sandu. Fostul [&hellip;]<\/p>\n","protected":false},"author":1,"featured_media":0,"comment_status":"open","ping_status":"","sticky":false,"template":"","format":"standard","meta":{"footnotes":""},"categories":[2],"tags":[30],"class_list":["post-384655","post","type-post","status-publish","format-standard","hentry","category-politics","tag-observatornews-ro"],"_links":{"self":[{"href":"https:\/\/analyse.optim.biz\/index.php?rest_route=\/wp\/v2\/posts\/384655","targetHints":{"allow":["GET"]}}],"collection":[{"href":"https:\/\/analyse.optim.biz\/index.php?rest_route=\/wp\/v2\/posts"}],"about":[{"href":"https:\/\/analyse.optim.biz\/index.php?rest_route=\/wp\/v2\/types\/post"}],"author":[{"embeddable":true,"href":"https:\/\/analyse.optim.biz\/index.php?rest_route=\/wp\/v2\/users\/1"}],"replies":[{"embeddable":true,"href":"https:\/\/analyse.optim.biz\/index.php?rest_route=%2Fwp%2Fv2%2Fcomments&post=384655"}],"version-history":[{"count":0,"href":"https:\/\/analyse.optim.biz\/index.php?rest_route=\/wp\/v2\/posts\/384655\/revisions"}],"wp:attachment":[{"href":"https:\/\/analyse.optim.biz\/index.php?rest_route=%2Fwp%2Fv2%2Fmedia&parent=384655"}],"wp:term":[{"taxonomy":"category","embeddable":true,"href":"https:\/\/analyse.optim.biz\/index.php?rest_route=%2Fwp%2Fv2%2Fcategories&post=384655"},{"taxonomy":"post_tag","embeddable":true,"href":"https:\/\/analyse.optim.biz\/index.php?rest_route=%2Fwp%2Fv2%2Ftags&post=384655"}],"curies":[{"name":"wp","href":"https:\/\/api.w.org\/{rel}","templated":true}]}}