{"id":384587,"date":"2015-01-31T12:48:00","date_gmt":"2015-01-31T09:48:00","guid":{"rendered":"https:\/\/analyse.optim.biz\/?p=384587"},"modified":"2015-01-31T12:48:00","modified_gmt":"2015-01-31T09:48:00","slug":"ponta-nu-am-discutat-niciodata-cu-udrea-despre-numirea-lui-kovesi-la-dna-nici-cu-alt-om-politic","status":"publish","type":"post","link":"https:\/\/analyse.optim.biz\/?p=384587","title":{"rendered":"Ponta: Nu am discutat niciodat\u0103 cu Udrea despre numirea lui Kovesi la DNA, nici cu alt om politic"},"content":{"rendered":"<div class=\"description\" data-key=\"description\">Pre\u015fedintele PSD, premierul Victor Ponta, a declarat, s\u00e2mb\u0103t\u0103, c\u0103 nu a discutat niciodat\u0103 cu Elena Udrea despre numirea procurorului-\u015fef al DNA, Codru\u0163a Kovesi<\/div>\n<div class=\"articleBody\" data-key=\"articleBody\">Pre\u015fedintele PSD, premierul Victor Ponta, a declarat, s\u00e2mb\u0103t\u0103, c\u0103 nu a discutat niciodat\u0103 cu Elena Udrea despre numirea procurorului-\u015fef al DNA, Codru\u0163a Kovesi<br \/>\n\u201dReferitor la doamna Kovesi, nu am discutat cu nici un alt om politic. (&#8230;) Nu am discutat niciodat\u0103 cu vreun om politic despre numirea Procurorului \u015fef la DNA. (&#8230;.) Nu am discutat niciodat\u0103 cu doamna Udrea despre procurorul-\u015fef\u201d, a spus Ponta.<br \/>\nEl a dat asigur\u0103ri c\u0103 nua fost influen\u0163at nici pozitiv, nici negativ, \u00een propunerea pe care a f\u0103cut-o referitor la Kovesi.\u00e2<br \/>\n\u201dCeea ce pot s\u0103 v\u0103 asigur este c\u0103 nici doamna Udrea, nici alte doamne sau domni, nu m-au influen\u0163at \u00een niciun fel, nici \u00een sens pozitiv sau negativ, \u015fi nu au venit s\u0103 spun\u0103 de doamna Kovesi c\u0103 e bun\u0103 sau rea\u201d, a spus Ponta.<br \/>\nEl a ar\u0103tat c\u0103 decizia pe care am luat-o referitoare la propunerea lui Kovesi s-a bazat pe faptul c\u0103 institu\u0163iile interna\u0163ionale cu care Rom\u00e2nia colaboreaz\u0103, respectiv Comisia European\u0103, \u00een primul r\u00e2nd, dar \u015fi SUA \u015fi partenerii interna\u0163ionali, i-au transmis \u201d\u00een discu\u0163ii mai mult sau mai pu\u0163in oficiale\u201d, faptul c\u0103 e important pentru Rom\u00e2nia s\u0103 aib\u0103 \u00een funtea DNA o persoan\u0103 cu credibilitate \u00een acest domeniu, potrivit Mediafax.<br \/>\nEl a ar\u0103tat c\u0103 declara\u0163iile Elenei Udrea sunt, \u00een general, extrem de spectaculoase, dar pot \u015fi fanteziste.\n<\/div>\n<p> Source URL: https:\/\/observatornews.ro\/politic\/ponta-nu-am-discutat-niciodata-cu-udrea-despre-numirea-lui-kovesi-la-dna-nici-cu-alt-om-politic-144599.html<\/p>\n","protected":false},"excerpt":{"rendered":"<p>Pre\u015fedintele PSD, premierul Victor Ponta, a declarat, s\u00e2mb\u0103t\u0103, c\u0103 nu a discutat niciodat\u0103 cu Elena Udrea despre numirea procurorului-\u015fef al DNA, Codru\u0163a Kovesi Pre\u015fedintele PSD, premierul Victor Ponta, a declarat, s\u00e2mb\u0103t\u0103, c\u0103 nu a discutat niciodat\u0103 cu Elena Udrea despre numirea procurorului-\u015fef al DNA, Codru\u0163a Kovesi \u201dReferitor la doamna Kovesi, nu am discutat cu nici [&hellip;]<\/p>\n","protected":false},"author":1,"featured_media":0,"comment_status":"open","ping_status":"","sticky":false,"template":"","format":"standard","meta":{"footnotes":""},"categories":[2],"tags":[30],"class_list":["post-384587","post","type-post","status-publish","format-standard","hentry","category-politics","tag-observatornews-ro"],"_links":{"self":[{"href":"https:\/\/analyse.optim.biz\/index.php?rest_route=\/wp\/v2\/posts\/384587","targetHints":{"allow":["GET"]}}],"collection":[{"href":"https:\/\/analyse.optim.biz\/index.php?rest_route=\/wp\/v2\/posts"}],"about":[{"href":"https:\/\/analyse.optim.biz\/index.php?rest_route=\/wp\/v2\/types\/post"}],"author":[{"embeddable":true,"href":"https:\/\/analyse.optim.biz\/index.php?rest_route=\/wp\/v2\/users\/1"}],"replies":[{"embeddable":true,"href":"https:\/\/analyse.optim.biz\/index.php?rest_route=%2Fwp%2Fv2%2Fcomments&post=384587"}],"version-history":[{"count":0,"href":"https:\/\/analyse.optim.biz\/index.php?rest_route=\/wp\/v2\/posts\/384587\/revisions"}],"wp:attachment":[{"href":"https:\/\/analyse.optim.biz\/index.php?rest_route=%2Fwp%2Fv2%2Fmedia&parent=384587"}],"wp:term":[{"taxonomy":"category","embeddable":true,"href":"https:\/\/analyse.optim.biz\/index.php?rest_route=%2Fwp%2Fv2%2Fcategories&post=384587"},{"taxonomy":"post_tag","embeddable":true,"href":"https:\/\/analyse.optim.biz\/index.php?rest_route=%2Fwp%2Fv2%2Ftags&post=384587"}],"curies":[{"name":"wp","href":"https:\/\/api.w.org\/{rel}","templated":true}]}}