{"id":384586,"date":"2015-02-02T06:02:00","date_gmt":"2015-02-02T03:02:00","guid":{"rendered":"https:\/\/analyse.optim.biz\/?p=384586"},"modified":"2015-02-02T06:02:00","modified_gmt":"2015-02-02T03:02:00","slug":"senatorii-isi-reiau-activitatea","status":"publish","type":"post","link":"https:\/\/analyse.optim.biz\/?p=384586","title":{"rendered":"Senatorii \u00ee\u0219i reiau activitatea!"},"content":{"rendered":"<div class=\"description\" data-key=\"description\">Senatorii \u00ee\u0219i vor relua, luni, activitatea \u00een prima sesiune ordinar\u0103 a anului \u00een curs, fiind convoca\u021bi \u00een temeiul prevederilor articolului 66 alineatele (1) \u0219i (3) din Constitu\u021bia Rom\u00e2niei, precum \u0219i ale articolului 80 din Regulamentul Senatului<\/div>\n<div class=\"articleBody\" data-key=\"articleBody\">Senatorii \u00ee\u0219i vor relua, luni, activitatea \u00een prima sesiune ordinar\u0103 a anului \u00een curs, fiind convoca\u021bi \u00een temeiul prevederilor articolului 66 alineatele (1) \u0219i (3) din Constitu\u021bia Rom\u00e2niei, precum \u0219i ale articolului 80 din Regulamentul Senatului<br \/>\nAstfel, membrii Biroului Permanent al Camerei Superioare a Parlamentului au fost convoca\u021bi \u00eentr-o \u0219edin\u021b\u0103 la ora 14,00, pentru a stabili programul senatorilor pentru perioada 3-7 februarie, dar \u0219i pentru a aproba ordinea de zi a plenului Senatului, care se va desf\u0103\u0219ura \u00eencep\u00e2nd cu ora 16,00.<br \/>\nLa ora 15,00, grupurile parlamentare senatoriale se vor reuni pentru a discuta eventuale modific\u0103ri \u00een componen\u021ba conducerii lor, \u00eentruc\u00e2t Regulamentul Senatului prevede obligativitatea ca, la \u00eenceputul fiec\u0103rei sesiuni ordinare, grupurile s\u0103 \u00ee\u0219i anun\u021be \u00een plen conducerea, format\u0103 dintr-un lider de grup, un num\u0103r de doi p\u00e2n\u0103 la patru vicelideri, \u00een func\u021bie de caz, \u0219i un secretar.<br \/>\nDe asemenea, liderii grupurilor parlamentare vor prezenta, \u00een prima parte a \u0219edin\u021bei plenului de luni, \u0219i propunerile nominale pentru noul Birou Permanent al Senatului. Lista candida\u021bilor propu\u0219i de c\u0103tre grupurile parlamentare va fi supus\u0103 \u00een \u00eentregime votului plenului Senatului, urm\u00e2nd s\u0103 fie aprobat\u0103 cu votul majorit\u0103\u021bii senatorilor prezen\u021bi la lucr\u0103rile plenului, scrie AGERPRES.<br \/>\nBiroul Permanent este format din pre\u0219edintele Senatului, din patru vicepre\u0219edin\u021bi, patru secretari \u0219i patru chestori, cu respectarea ponderii num\u0103rului de senatori ai fiec\u0103rui grup fa\u021b\u0103 de num\u0103rul total de senatori.<br \/>\n\u00cen prezent, Biroul Permanent al Senatului este format din pre\u0219edinte \u2014 C\u0103lin Popescu T\u0103riceanu (LC), vicepre\u0219edin\u021bii Marius Obreja (PNL), Ioan Chelaru (PSD), Cristian Dumitrescu (PSD), Vasile Nistor (LC), secretarii Ion Simeon Purec (PSD), Ion Rotaru (PSD), Mario Oprea (PNL), Alexandru Pere\u0219 (PD-L) \u0219i chestorii Cristian Bodea (PNL), Nicolae Moga (PSD), Dan \u0218ova (PSD) \u0219i Attila Verestoy (UDMR).<br \/>\nOdat\u0103 aprobat\u0103 componen\u021ba noului Birou Permanent, acesta va fi convocat \u00eentr-o scurt\u0103 \u0219edin\u021b\u0103, programat\u0103 pentru ora 16,30, urm\u00e2nd ca apoi s\u0103 aib\u0103 loc cea de-a doua parte \u0219edin\u021bei plenului Senatului de luni, \u00een care urmeaz\u0103 s\u0103 fie discutate proiectele \u0219i propunerile legislative \u00eenscrise pe ordinea de zi.<br \/>\nDin cele 26 de ini\u021biative legislative care vor intra \u00een aten\u021bia plenului Senatului de luni, amintim proiectul de lege pentru completarea OUG nr. 111\/2011 privind comunica\u021biile electronice \u0219i proiectul de lege pentru completarea Legii nr. 223\/2007 privind Statutul personalului aeronautic civil navigant profesionist din avia\u021bia civil\u0103 din Rom\u00e2nia, ambele trimise Parlamentului spre reexaminare.<br \/>\nPe ordinea de zi a plenului Senatului de luni mai figureaz\u0103 \u0219i un proiect de lege care vizeaz\u0103 modificarea \u0219i completarea Legii nr. 360\/2002 privind Statutul poli\u021bistului, o ini\u021biativ\u0103 de modificare \u0219i completare a OUG nr. 195\/2002 privind circula\u021bia pe drumurile publice, precum \u0219i ini\u021biative referitoare la modific\u0103ri sau complet\u0103ri ale Codului Muncii \u0219i ale Legii nr. 448\/2006 privind protec\u021bia \u0219i promovarea drepturilor persoanelor cu handicap.<br \/>\n\u00cen ceea ce prive\u0219te priorit\u0103\u021bile legislative din aceast\u0103 sesiune ordinar\u0103, senatorii, al\u0103turi de deputa\u021bi, \u00ee\u0219i vor apleca aten\u021bia cu prec\u0103dere asupra pachetului legilor electorale, aflat pe masa de lucru a Comisiei comune a Camerei Deputa\u021bilor \u0219i Senatului pentru elaborarea propunerilor legislative privind legile electorale, \u00eentruc\u00e2t \u00een urma consult\u0103rilor partidelor politice parlamentare cu pre\u0219edintele Klaus Iohannis s-a convenit ca, p\u00e2n\u0103 la finele primei sesiuni parlamentare, s\u0103 se contureze &#8220;o solu\u021bie legislativ\u0103&#8221; pentru a asigura votul rom\u00e2nilor din diaspora, legisla\u021bia privind alegerile locale \u0219i parlamentare, legisla\u021bia partidelor \u0219i cea privind finan\u021barea partidelor \u0219i a campaniilor electorale.<br \/>\nDe asemenea, un alt subiect important care se va reg\u0103si \u00een dezbaterea senatorilor este Legea privind aprobarea OUG 55\/2014 privind migra\u021bia ale\u0219ilor locali, care va trebui corelat\u0103 cu decizia de neconstitu\u021bionale dat\u0103 de c\u0103tre judec\u0103torii CCR, \u00eens\u0103 Senatul este Camer\u0103 decizional\u0103 \u00een acest caz.<br \/>\nNu \u00een ultimul r\u00e2nd, \u0219i subiectul reducerii TVA la produsele alimentare de baz\u0103 ar putea reintra \u00een dezbaterea parlamentar\u0103, \u00eentruc\u00e2t conservatorii \u0219i-au exprimat deja dorin\u021ba extinderii reducerii taxei de la produsele de panifica\u021bie la produsele alimentare de baz\u0103 \u2014 carne, lapte, etc.. Printre m\u0103surile sociale care ar mai putea intra \u00een discu\u021bia parlamentarilor, \u00een aceast\u0103 sesiune, se num\u0103r\u0103 \u0219i propunerea privind cre\u0219terea aloca\u021biilor pentru copii.<\/div>\n<p> Source URL: https:\/\/observatornews.ro\/politic\/senatorii-ii-reiau-activitatea-144681.html<\/p>\n","protected":false},"excerpt":{"rendered":"<p>Senatorii \u00ee\u0219i vor relua, luni, activitatea \u00een prima sesiune ordinar\u0103 a anului \u00een curs, fiind convoca\u021bi \u00een temeiul prevederilor articolului 66 alineatele (1) \u0219i (3) din Constitu\u021bia Rom\u00e2niei, precum \u0219i ale articolului 80 din Regulamentul Senatului Senatorii \u00ee\u0219i vor relua, luni, activitatea \u00een prima sesiune ordinar\u0103 a anului \u00een curs, fiind convoca\u021bi \u00een temeiul prevederilor [&hellip;]<\/p>\n","protected":false},"author":1,"featured_media":0,"comment_status":"open","ping_status":"","sticky":false,"template":"","format":"standard","meta":{"footnotes":""},"categories":[2],"tags":[30],"class_list":["post-384586","post","type-post","status-publish","format-standard","hentry","category-politics","tag-observatornews-ro"],"_links":{"self":[{"href":"https:\/\/analyse.optim.biz\/index.php?rest_route=\/wp\/v2\/posts\/384586","targetHints":{"allow":["GET"]}}],"collection":[{"href":"https:\/\/analyse.optim.biz\/index.php?rest_route=\/wp\/v2\/posts"}],"about":[{"href":"https:\/\/analyse.optim.biz\/index.php?rest_route=\/wp\/v2\/types\/post"}],"author":[{"embeddable":true,"href":"https:\/\/analyse.optim.biz\/index.php?rest_route=\/wp\/v2\/users\/1"}],"replies":[{"embeddable":true,"href":"https:\/\/analyse.optim.biz\/index.php?rest_route=%2Fwp%2Fv2%2Fcomments&post=384586"}],"version-history":[{"count":0,"href":"https:\/\/analyse.optim.biz\/index.php?rest_route=\/wp\/v2\/posts\/384586\/revisions"}],"wp:attachment":[{"href":"https:\/\/analyse.optim.biz\/index.php?rest_route=%2Fwp%2Fv2%2Fmedia&parent=384586"}],"wp:term":[{"taxonomy":"category","embeddable":true,"href":"https:\/\/analyse.optim.biz\/index.php?rest_route=%2Fwp%2Fv2%2Fcategories&post=384586"},{"taxonomy":"post_tag","embeddable":true,"href":"https:\/\/analyse.optim.biz\/index.php?rest_route=%2Fwp%2Fv2%2Ftags&post=384586"}],"curies":[{"name":"wp","href":"https:\/\/api.w.org\/{rel}","templated":true}]}}