{"id":384559,"date":"2015-02-02T18:10:00","date_gmt":"2015-02-02T15:10:00","guid":{"rendered":"https:\/\/analyse.optim.biz\/?p=384559"},"modified":"2015-02-02T18:10:00","modified_gmt":"2015-02-02T15:10:00","slug":"rudel-obreja-primul-retinut-in-dosarul-gala-bute","status":"publish","type":"post","link":"https:\/\/analyse.optim.biz\/?p=384559","title":{"rendered":"Rudel Obreja, primul RE\u021aINUT \u00een Dosarul \u201eGala Bute\u201d"},"content":{"rendered":"<div class=\"description\" data-key=\"description\">Fostul pre\u015fedinte al Federa\u0163iei Rom\u00e2ne de Box, Rudel Obreja, a fost re\u0163inut, luni seara, de procurorii DNA, \u00een dosarul &#8220;Gala Bute&#8221;.<\/div>\n<div class=\"articleBody\" data-key=\"articleBody\">Fostul pre\u015fedinte al Federa\u0163iei Rom\u00e2ne de Box, Rudel Obreja, a fost re\u0163inut, luni seara, de procurorii DNA, \u00een dosarul &#8220;Gala Bute&#8221;.\u00a0<br \/>\n\u00cen acest dosar, Obreja este acuzat de sp\u0103lare de bani, evaziune fiscal\u0103 \u015fi complicitate la abuz \u00een serviciu, a spus avocatul lui Obreja, C\u0103t\u0103lin Dancu.\u00a0Re\u0163inerea lui Rudel Obreja vine dup\u0103 mai multe ore de audieri. Acum el va fi dus \u00een arestul Poli\u0163iei Capitalei, anun\u021b\u0103 Antena 3.<\/div>\n<p> Source URL: https:\/\/observatornews.ro\/politic\/rudel-obreja-primul-reinut-in-dosarul-gala-bute-144749.html<\/p>\n","protected":false},"excerpt":{"rendered":"<p>Fostul pre\u015fedinte al Federa\u0163iei Rom\u00e2ne de Box, Rudel Obreja, a fost re\u0163inut, luni seara, de procurorii DNA, \u00een dosarul &#8220;Gala Bute&#8221;. Fostul pre\u015fedinte al Federa\u0163iei Rom\u00e2ne de Box, Rudel Obreja, a fost re\u0163inut, luni seara, de procurorii DNA, \u00een dosarul &#8220;Gala Bute&#8221;.\u00a0 \u00cen acest dosar, Obreja este acuzat de sp\u0103lare de bani, evaziune fiscal\u0103 \u015fi [&hellip;]<\/p>\n","protected":false},"author":1,"featured_media":0,"comment_status":"open","ping_status":"","sticky":false,"template":"","format":"standard","meta":{"footnotes":""},"categories":[2],"tags":[30],"class_list":["post-384559","post","type-post","status-publish","format-standard","hentry","category-politics","tag-observatornews-ro"],"_links":{"self":[{"href":"https:\/\/analyse.optim.biz\/index.php?rest_route=\/wp\/v2\/posts\/384559","targetHints":{"allow":["GET"]}}],"collection":[{"href":"https:\/\/analyse.optim.biz\/index.php?rest_route=\/wp\/v2\/posts"}],"about":[{"href":"https:\/\/analyse.optim.biz\/index.php?rest_route=\/wp\/v2\/types\/post"}],"author":[{"embeddable":true,"href":"https:\/\/analyse.optim.biz\/index.php?rest_route=\/wp\/v2\/users\/1"}],"replies":[{"embeddable":true,"href":"https:\/\/analyse.optim.biz\/index.php?rest_route=%2Fwp%2Fv2%2Fcomments&post=384559"}],"version-history":[{"count":0,"href":"https:\/\/analyse.optim.biz\/index.php?rest_route=\/wp\/v2\/posts\/384559\/revisions"}],"wp:attachment":[{"href":"https:\/\/analyse.optim.biz\/index.php?rest_route=%2Fwp%2Fv2%2Fmedia&parent=384559"}],"wp:term":[{"taxonomy":"category","embeddable":true,"href":"https:\/\/analyse.optim.biz\/index.php?rest_route=%2Fwp%2Fv2%2Fcategories&post=384559"},{"taxonomy":"post_tag","embeddable":true,"href":"https:\/\/analyse.optim.biz\/index.php?rest_route=%2Fwp%2Fv2%2Ftags&post=384559"}],"curies":[{"name":"wp","href":"https:\/\/api.w.org\/{rel}","templated":true}]}}