{"id":384557,"date":"2015-02-02T20:05:00","date_gmt":"2015-02-02T17:05:00","guid":{"rendered":"https:\/\/analyse.optim.biz\/?p=384557"},"modified":"2015-02-02T20:05:00","modified_gmt":"2015-02-02T17:05:00","slug":"primarul-din-lupeni-cornel-resmerita-retinut-de-procurorii-dna-in-dosarul-gala-bute","status":"publish","type":"post","link":"https:\/\/analyse.optim.biz\/?p=384557","title":{"rendered":"Primarul din Lupeni, Cornel Resmeri\u0163\u0103, re\u0163inut de procurorii DNA \u00een dosarul &#8220;Gala Bute&#8221;"},"content":{"rendered":"<div class=\"description\" data-key=\"description\">Primarul ora\u015fului hunedorean Lupeni, Cornel Resmeri\u0163\u0103 (PSD), a fost re\u0163inut luni sear\u0103 de procurorii anticorup\u0163ie, \u00een dosarul &#8220;Gala Bute&#8221;<\/div>\n<div class=\"articleBody\" data-key=\"articleBody\">Primarul ora\u015fului hunedorean Lupeni, Cornel Resmeri\u0163\u0103 (PSD), a fost re\u0163inut luni sear\u0103 de procurorii anticorup\u0163ie, \u00een dosarul &#8220;Gala Bute&#8221;<br \/>\nResmeri\u0163\u0103 urmeaz\u0103 s\u0103 fie prezentat mar\u0163i la instan\u0163\u0103 cu propunere de arestare preventiv\u0103.<br \/>\nCornel Resmeri\u0163\u0103 a ajuns la sediul Direc\u0163iei Na\u0163ionale Anticorup\u0163ie (DNA) \u00een jurul orei 17.30, fiind \u00eenso\u0163it de anchetatori, care l-au ridicat de la locuin\u0163a sa din Lupeni, jude\u0163ul Hunedoara, anun\u021b\u0103 Medifax<\/div>\n<p> Source URL: https:\/\/observatornews.ro\/politic\/primarul-din-lupeni-cornel-resmerita-retinut-de-procurorii-dna-in-dosarul-gala-bute-144764.html<\/p>\n","protected":false},"excerpt":{"rendered":"<p>Primarul ora\u015fului hunedorean Lupeni, Cornel Resmeri\u0163\u0103 (PSD), a fost re\u0163inut luni sear\u0103 de procurorii anticorup\u0163ie, \u00een dosarul &#8220;Gala Bute&#8221; Primarul ora\u015fului hunedorean Lupeni, Cornel Resmeri\u0163\u0103 (PSD), a fost re\u0163inut luni sear\u0103 de procurorii anticorup\u0163ie, \u00een dosarul &#8220;Gala Bute&#8221; Resmeri\u0163\u0103 urmeaz\u0103 s\u0103 fie prezentat mar\u0163i la instan\u0163\u0103 cu propunere de arestare preventiv\u0103. Cornel Resmeri\u0163\u0103 a ajuns [&hellip;]<\/p>\n","protected":false},"author":1,"featured_media":384558,"comment_status":"open","ping_status":"","sticky":false,"template":"","format":"standard","meta":{"footnotes":""},"categories":[2],"tags":[30],"class_list":["post-384557","post","type-post","status-publish","format-standard","has-post-thumbnail","hentry","category-politics","tag-observatornews-ro"],"_links":{"self":[{"href":"https:\/\/analyse.optim.biz\/index.php?rest_route=\/wp\/v2\/posts\/384557","targetHints":{"allow":["GET"]}}],"collection":[{"href":"https:\/\/analyse.optim.biz\/index.php?rest_route=\/wp\/v2\/posts"}],"about":[{"href":"https:\/\/analyse.optim.biz\/index.php?rest_route=\/wp\/v2\/types\/post"}],"author":[{"embeddable":true,"href":"https:\/\/analyse.optim.biz\/index.php?rest_route=\/wp\/v2\/users\/1"}],"replies":[{"embeddable":true,"href":"https:\/\/analyse.optim.biz\/index.php?rest_route=%2Fwp%2Fv2%2Fcomments&post=384557"}],"version-history":[{"count":0,"href":"https:\/\/analyse.optim.biz\/index.php?rest_route=\/wp\/v2\/posts\/384557\/revisions"}],"wp:featuredmedia":[{"embeddable":true,"href":"https:\/\/analyse.optim.biz\/index.php?rest_route=\/wp\/v2\/media\/384558"}],"wp:attachment":[{"href":"https:\/\/analyse.optim.biz\/index.php?rest_route=%2Fwp%2Fv2%2Fmedia&parent=384557"}],"wp:term":[{"taxonomy":"category","embeddable":true,"href":"https:\/\/analyse.optim.biz\/index.php?rest_route=%2Fwp%2Fv2%2Fcategories&post=384557"},{"taxonomy":"post_tag","embeddable":true,"href":"https:\/\/analyse.optim.biz\/index.php?rest_route=%2Fwp%2Fv2%2Ftags&post=384557"}],"curies":[{"name":"wp","href":"https:\/\/api.w.org\/{rel}","templated":true}]}}