{"id":384504,"date":"2015-02-03T09:46:00","date_gmt":"2015-02-03T06:46:00","guid":{"rendered":"https:\/\/analyse.optim.biz\/?p=384504"},"modified":"2015-02-03T09:46:00","modified_gmt":"2015-02-03T06:46:00","slug":"adrian-sarbu-adus-la-parchetul-general","status":"publish","type":"post","link":"https:\/\/analyse.optim.biz\/?p=384504","title":{"rendered":"Adrian S\u00e2rbu, adus la Parchetul General"},"content":{"rendered":"<div class=\"description\" data-key=\"description\">Omul de afaceri Adrian S\u00e2rbu a fost adus mar\u021bi cu o dub\u0103 a Poli\u021biei la sediul Parchetului General, pentru a fi audiat \u00een dosarul de evaziune fiscal\u0103 de la Mediafax Group<\/div>\n<div class=\"articleBody\" data-key=\"articleBody\">Omul de afaceri Adrian S\u00e2rbu a fost adus mar\u021bi cu o dub\u0103 a Poli\u021biei la sediul Parchetului General, pentru a fi audiat \u00een dosarul de evaziune fiscal\u0103 de la Mediafax Group<br \/>\nS\u00e2rbu a fost re\u021binut luni de procurori pentru 24 de ore, el fiind acuzat de s\u0103v\u00e2r\u0219irea infrac\u021biunilor de instigare la evaziune fiscal\u0103, sp\u0103lare de bani \u0219i delapidare. \u00cen acest dosar sunt cercetate penal mai multe persoane pentru evaziune fiscal\u0103.<br \/>\n\u00centr-un comunicat din luna decembrie 2014, Parchetul General ar\u0103ta c\u0103, printr-o decizie din data de 23 aprilie 2013, i s-a acordat societ\u0103\u021bii comerciale Mediafax Group SA e\u0219alonarea la plat\u0103 pe o perioad\u0103 de 24 de luni a obliga\u021biilor fiscale exigibile, \u00een sum\u0103 total\u0103 de 3.949.358 lei.<br \/>\n\u00cen acest context, societatea comercial\u0103, reprezentan\u021bi ai acesteia, precum \u0219i persoane din cadrul unor cabinete de avocatur\u0103 implicate \u00een avizarea legalit\u0103\u021bii actelor acestei societ\u0103\u021bi, au creat \u0219i aplicat, \u00een mod continuat, o schem\u0103 de sustragere de la plata taxelor \u0219i impozitelor, implic\u00e2nd constituirea unor societ\u0103\u021bi fantom\u0103 pe numele unor persoane lipsite de posibilit\u0103\u021bi materiale, profit\u00e2nd tocmai de situa\u021bia acestora, societ\u0103\u021bi ce au fost antrenate \u00een circuitul comercial astfel alc\u0103tuit, conform Agerpres.<br \/>\n\u00cen acest fel, SC Mediafax Group SA era protejat\u0103, responsabilitatea pl\u0103\u021bii taxelor \u0219i impozitelor fiind transferat\u0103 \u00een sarcina celorlalte societ\u0103\u021bi, \u00eempotriva c\u0103rora se declan\u0219au m\u0103surile de poprire a conturilor pentru neplata taxelor \u0219i executare silit\u0103 a acestora, proceduri inutile, deoarece nu de\u021bineau \u00een patrimoniu bunuri sau alte active ce puteau fi executate.<br \/>\n&#8220;Persoanele beneficiare ale drepturilor de autor, din care o parte semnificativ\u0103 erau angajate \u0219i la societ\u0103\u021bile din grup cu contracte individuale de munc\u0103, erau determinate de angaja\u021bii de la resurse umane s\u0103 semneze contracte de cesiune drepturi de autor cu aceste societ\u0103\u021bi, f\u0103r\u0103 a intra \u00een contact direct cu reprezentan\u021bii legali, \u00een sensul existen\u021bei unor negocieri a clauzelor de contractare a muncii acestora, de termene de livrare a produselor&#8221;, au sus\u021binut anchetatorii.<\/div>\n<p> Source URL: https:\/\/observatornews.ro\/politic\/adrian-sarbu-adus-la-parchetul-general-144788.html<\/p>\n","protected":false},"excerpt":{"rendered":"<p>Omul de afaceri Adrian S\u00e2rbu a fost adus mar\u021bi cu o dub\u0103 a Poli\u021biei la sediul Parchetului General, pentru a fi audiat \u00een dosarul de evaziune fiscal\u0103 de la Mediafax Group Omul de afaceri Adrian S\u00e2rbu a fost adus mar\u021bi cu o dub\u0103 a Poli\u021biei la sediul Parchetului General, pentru a fi audiat \u00een dosarul [&hellip;]<\/p>\n","protected":false},"author":1,"featured_media":0,"comment_status":"open","ping_status":"","sticky":false,"template":"","format":"standard","meta":{"footnotes":""},"categories":[2],"tags":[30],"class_list":["post-384504","post","type-post","status-publish","format-standard","hentry","category-politics","tag-observatornews-ro"],"_links":{"self":[{"href":"https:\/\/analyse.optim.biz\/index.php?rest_route=\/wp\/v2\/posts\/384504","targetHints":{"allow":["GET"]}}],"collection":[{"href":"https:\/\/analyse.optim.biz\/index.php?rest_route=\/wp\/v2\/posts"}],"about":[{"href":"https:\/\/analyse.optim.biz\/index.php?rest_route=\/wp\/v2\/types\/post"}],"author":[{"embeddable":true,"href":"https:\/\/analyse.optim.biz\/index.php?rest_route=\/wp\/v2\/users\/1"}],"replies":[{"embeddable":true,"href":"https:\/\/analyse.optim.biz\/index.php?rest_route=%2Fwp%2Fv2%2Fcomments&post=384504"}],"version-history":[{"count":0,"href":"https:\/\/analyse.optim.biz\/index.php?rest_route=\/wp\/v2\/posts\/384504\/revisions"}],"wp:attachment":[{"href":"https:\/\/analyse.optim.biz\/index.php?rest_route=%2Fwp%2Fv2%2Fmedia&parent=384504"}],"wp:term":[{"taxonomy":"category","embeddable":true,"href":"https:\/\/analyse.optim.biz\/index.php?rest_route=%2Fwp%2Fv2%2Fcategories&post=384504"},{"taxonomy":"post_tag","embeddable":true,"href":"https:\/\/analyse.optim.biz\/index.php?rest_route=%2Fwp%2Fv2%2Ftags&post=384504"}],"curies":[{"name":"wp","href":"https:\/\/api.w.org\/{rel}","templated":true}]}}