{"id":384503,"date":"2015-02-03T19:03:00","date_gmt":"2015-02-03T16:03:00","guid":{"rendered":"https:\/\/analyse.optim.biz\/?p=384503"},"modified":"2015-02-03T19:03:00","modified_gmt":"2015-02-03T16:03:00","slug":"obreja-a-fost-eliberat","status":"publish","type":"post","link":"https:\/\/analyse.optim.biz\/?p=384503","title":{"rendered":"Obreja a fost eliberat!"},"content":{"rendered":"<div class=\"description\" data-key=\"description\">\u00cenalta Curte de Casa\u0163ie \u015fi Justi\u0163ie (ICCJ) a decis c\u0103 nu este competent\u0103 s\u0103 judece propunerile de arestare preventiv\u0103 \u015fi arest la domiciliu \u00een cazul lui Rudel Obreja \u015fi a celorlal\u0163i inculpa\u0163i din dosarul &#8220;Gala Bute&#8221;, \u00eentruc\u00e2t \u00een cauz\u0103 nu sunt urm\u0103ri\u0163i penal actuali sau fo\u015fti mini\u015ftri.<\/div>\n<div class=\"articleBody\" data-key=\"articleBody\">\u00cenalta Curte de Casa\u0163ie \u015fi Justi\u0163ie (ICCJ) a decis c\u0103 nu este competent\u0103 s\u0103 judece propunerile de arestare preventiv\u0103 \u015fi arest la domiciliu \u00een cazul lui Rudel Obreja \u015fi a celorlal\u0163i inculpa\u0163i din dosarul &#8220;Gala Bute&#8221;, \u00eentruc\u00e2t \u00een cauz\u0103 nu sunt urm\u0103ri\u0163i penal actuali sau fo\u015fti mini\u015ftri.<br \/>\nRudel Obreja a fost eliberat dup\u0103 o b\u0103lb\u00e2ial\u0103 a procurorilor. &#8220;Lucurile au fost \u015fi sunt evidente. \u0162inta este Udrea \u015fi este foarte clar! \u015ei cea mai bun\u0103 dovad\u0103 a acestui lucru este faptul c\u0103 noi am fost, f\u0103r\u0103 a avea calitatea de demnitari, trimi\u015fi la \u00cenalta Curte de Casa\u0163ie \u015fi Justi\u0163ie. Din punctul de vedere al Galei Bute, nu exist\u0103 niciun fel de ilegalitate&#8221;, a declarat acesta pentru Antena 3.<\/div>\n<p> Source URL: https:\/\/observatornews.ro\/politic\/obreja-a-fost-eliberat-144850.html<\/p>\n","protected":false},"excerpt":{"rendered":"<p>\u00cenalta Curte de Casa\u0163ie \u015fi Justi\u0163ie (ICCJ) a decis c\u0103 nu este competent\u0103 s\u0103 judece propunerile de arestare preventiv\u0103 \u015fi arest la domiciliu \u00een cazul lui Rudel Obreja \u015fi a celorlal\u0163i inculpa\u0163i din dosarul &#8220;Gala Bute&#8221;, \u00eentruc\u00e2t \u00een cauz\u0103 nu sunt urm\u0103ri\u0163i penal actuali sau fo\u015fti mini\u015ftri. \u00cenalta Curte de Casa\u0163ie \u015fi Justi\u0163ie (ICCJ) a [&hellip;]<\/p>\n","protected":false},"author":1,"featured_media":0,"comment_status":"open","ping_status":"","sticky":false,"template":"","format":"standard","meta":{"footnotes":""},"categories":[2],"tags":[30],"class_list":["post-384503","post","type-post","status-publish","format-standard","hentry","category-politics","tag-observatornews-ro"],"_links":{"self":[{"href":"https:\/\/analyse.optim.biz\/index.php?rest_route=\/wp\/v2\/posts\/384503","targetHints":{"allow":["GET"]}}],"collection":[{"href":"https:\/\/analyse.optim.biz\/index.php?rest_route=\/wp\/v2\/posts"}],"about":[{"href":"https:\/\/analyse.optim.biz\/index.php?rest_route=\/wp\/v2\/types\/post"}],"author":[{"embeddable":true,"href":"https:\/\/analyse.optim.biz\/index.php?rest_route=\/wp\/v2\/users\/1"}],"replies":[{"embeddable":true,"href":"https:\/\/analyse.optim.biz\/index.php?rest_route=%2Fwp%2Fv2%2Fcomments&post=384503"}],"version-history":[{"count":0,"href":"https:\/\/analyse.optim.biz\/index.php?rest_route=\/wp\/v2\/posts\/384503\/revisions"}],"wp:attachment":[{"href":"https:\/\/analyse.optim.biz\/index.php?rest_route=%2Fwp%2Fv2%2Fmedia&parent=384503"}],"wp:term":[{"taxonomy":"category","embeddable":true,"href":"https:\/\/analyse.optim.biz\/index.php?rest_route=%2Fwp%2Fv2%2Fcategories&post=384503"},{"taxonomy":"post_tag","embeddable":true,"href":"https:\/\/analyse.optim.biz\/index.php?rest_route=%2Fwp%2Fv2%2Ftags&post=384503"}],"curies":[{"name":"wp","href":"https:\/\/api.w.org\/{rel}","templated":true}]}}