{"id":384501,"date":"2015-02-04T12:52:00","date_gmt":"2015-02-04T09:52:00","guid":{"rendered":"https:\/\/analyse.optim.biz\/?p=384501"},"modified":"2015-02-04T12:52:00","modified_gmt":"2015-02-04T09:52:00","slug":"elena-udrea-incepe-atacul-toti-politicienii-ar-trebui-incriminati","status":"publish","type":"post","link":"https:\/\/analyse.optim.biz\/?p=384501","title":{"rendered":"Elena Udrea \u00eencepe atacul: &#8220;To\u0163i politicienii ar trebui INCRIMINA\u0162I&#8221;"},"content":{"rendered":"<div class=\"description\" data-key=\"description\">Comisia juridic\u0103 a avizat favorabil miercuri solicitarea DNA de \u00eencepere a urm\u0103ririi penale a deputatului Elena Udrea, cu 20 de voturi &#8220;pentru&#8221;, unul \u00eempotriv\u0103, o ab\u0163inere \u015fi un vot anulat<\/div>\n<div class=\"articleBody\" data-key=\"articleBody\">Comisia juridic\u0103 a avizat favorabil miercuri solicitarea DNA de \u00eencepere a urm\u0103ririi penale a deputatului Elena Udrea, cu 20 de voturi &#8220;pentru&#8221;, unul \u00eempotriv\u0103, o ab\u0163inere \u015fi un vot anulat<br \/>\nUdrea a stat \u00een comisie doar zece minute, iar la ie\u015fire a declarat c\u0103 a solicitat colegilor din comisie s\u0103 dea un aviz favorabil pentru \u00eenceperea urm\u0103ririi sale penale.<br \/>\nDeputatul PMP Elena Udrea este urm\u0103rit\u0103 penal \u00een dosarul Microsoft, pentru sp\u0103lare de bani \u015fi fals \u00een declara\u0163iile de avere, fiind acuzat\u0103 c\u0103 a dob\u00e2ndit \u015fi folosit bunuri despre care \u015ftia c\u0103 provin din infrac\u0163iuni. Elena Udrea este sub control judiciar din 29 ianuarie p\u00e2n\u0103 \u00een 29 martie, conform Antena3.<br \/>\n\u00cens\u0103, Elena Udrea nu a r\u0103mas f\u0103r\u0103 replic\u0103, ci a promis &#8220;dezv\u0103luiri incendiare&#8221; despre nume grele din politic\u0103. \u00cen cea mai recent\u0103 postare a sa de pe Facebook, fosta candidat\u0103 la preziden\u0163iale declar\u0103:<br \/>\n&#8220;Am cerut Comisiei Juridice din Camera Deputa\u0163ilor s\u0103 fac\u0103 ceea ce am sus\u0163inut tot timpul c\u0103 trebuie f\u0103cut \u00een situa\u0163ii similare: s\u0103 avizeze favorabil cererea DNA, pentru c\u0103 Parlamentul nu trebuie s\u0103 se substituie Justi\u0163iei. Nu m\u0103 dezic de lupta mea de zece ani pentru Justi\u0163ie independent\u0103 \u015fi stat de drept.<br \/>\nAm v\u0103zut \u00eencercarea unora de a m\u0103 decredibiliza spun\u00e2nd c\u0103 atac Justi\u0163ia \u015fi SRI-ul! Este strategia lor de a-l ap\u0103ra pe generalul Coldea de acuza\u0163iile pe care le-am f\u0103cut la adresa lui. Nu atac Justi\u0163ia \u015fi nu atac nicio institu\u0163ie. Eu vorbesc despre un om, care, evident, ca orice om, putem presupune m\u0103car c\u0103 poate gre\u015fi.<br \/>\n\u00cen ceea ce prive\u015fte Gala Bute, f\u0103r\u0103 s\u0103 discut fondul cauzei, fac o remarc\u0103: dup\u0103 ce 4 ani de zile, adversarii politici \u015fi o parte a presei mogulilor a sus\u0163inut c\u0103 a\u015f fi &#8220;furat&#8221; de pe urma evenimentului sportiv, iat\u0103 c\u0103 procurorii infirm\u0103 acum aceste alega\u0163ii. Acuza\u0163ia lor este c\u0103 a\u015f fi sus\u0163inut implicarea MDRT \u00een Gala Bute pentru &#8220;beneficii de imagine&#8221;. Dac\u0103 acest lucru s-ar confirma \u00een instan\u0163\u0103, atunci to\u0163i politicienii \u00een func\u0163ii publice ar trebui incrimina\u0163i&#8221;.<\/div>\n<p> Source URL: https:\/\/observatornews.ro\/politic\/elena-udrea-incepe-atacul-toti-politicienii-ar-trebui-incriminati-144902.html<\/p>\n","protected":false},"excerpt":{"rendered":"<p>Comisia juridic\u0103 a avizat favorabil miercuri solicitarea DNA de \u00eencepere a urm\u0103ririi penale a deputatului Elena Udrea, cu 20 de voturi &#8220;pentru&#8221;, unul \u00eempotriv\u0103, o ab\u0163inere \u015fi un vot anulat Comisia juridic\u0103 a avizat favorabil miercuri solicitarea DNA de \u00eencepere a urm\u0103ririi penale a deputatului Elena Udrea, cu 20 de voturi &#8220;pentru&#8221;, unul \u00eempotriv\u0103, o [&hellip;]<\/p>\n","protected":false},"author":1,"featured_media":384502,"comment_status":"open","ping_status":"","sticky":false,"template":"","format":"standard","meta":{"footnotes":""},"categories":[2],"tags":[30],"class_list":["post-384501","post","type-post","status-publish","format-standard","has-post-thumbnail","hentry","category-politics","tag-observatornews-ro"],"_links":{"self":[{"href":"https:\/\/analyse.optim.biz\/index.php?rest_route=\/wp\/v2\/posts\/384501","targetHints":{"allow":["GET"]}}],"collection":[{"href":"https:\/\/analyse.optim.biz\/index.php?rest_route=\/wp\/v2\/posts"}],"about":[{"href":"https:\/\/analyse.optim.biz\/index.php?rest_route=\/wp\/v2\/types\/post"}],"author":[{"embeddable":true,"href":"https:\/\/analyse.optim.biz\/index.php?rest_route=\/wp\/v2\/users\/1"}],"replies":[{"embeddable":true,"href":"https:\/\/analyse.optim.biz\/index.php?rest_route=%2Fwp%2Fv2%2Fcomments&post=384501"}],"version-history":[{"count":0,"href":"https:\/\/analyse.optim.biz\/index.php?rest_route=\/wp\/v2\/posts\/384501\/revisions"}],"wp:featuredmedia":[{"embeddable":true,"href":"https:\/\/analyse.optim.biz\/index.php?rest_route=\/wp\/v2\/media\/384502"}],"wp:attachment":[{"href":"https:\/\/analyse.optim.biz\/index.php?rest_route=%2Fwp%2Fv2%2Fmedia&parent=384501"}],"wp:term":[{"taxonomy":"category","embeddable":true,"href":"https:\/\/analyse.optim.biz\/index.php?rest_route=%2Fwp%2Fv2%2Fcategories&post=384501"},{"taxonomy":"post_tag","embeddable":true,"href":"https:\/\/analyse.optim.biz\/index.php?rest_route=%2Fwp%2Fv2%2Ftags&post=384501"}],"curies":[{"name":"wp","href":"https:\/\/api.w.org\/{rel}","templated":true}]}}