{"id":384499,"date":"2015-02-04T12:57:00","date_gmt":"2015-02-04T09:57:00","guid":{"rendered":"https:\/\/analyse.optim.biz\/?p=384499"},"modified":"2015-02-04T12:57:00","modified_gmt":"2015-02-04T09:57:00","slug":"iohannis-cere-urmarirea-penala-a-lui-videanu","status":"publish","type":"post","link":"https:\/\/analyse.optim.biz\/?p=384499","title":{"rendered":"Iohannis cere urm\u0103rirea penal\u0103 a lui Videanu!"},"content":{"rendered":"<div class=\"description\" data-key=\"description\">Pre\u0219edintele Klaus Iohannis a transmis ministrului Justi\u021biei cererea de urm\u0103rire penala a lui Adriean Videanu, \u00een calitate de fost ministru al Economiei, respectiv al Economiei, Comer\u021bului \u0219i Mediului de afaceri<\/div>\n<div class=\"articleBody\" data-key=\"articleBody\">Pre\u0219edintele Klaus Iohannis a transmis ministrului Justi\u021biei cererea de urm\u0103rire penala a lui Adriean Videanu, \u00een calitate de fost ministru al Economiei, respectiv al Economiei, Comer\u021bului \u0219i Mediului de afaceri<br \/>\n&#8220;Av\u00e2nd \u00een vedere solicitarea Procurorului General al Parchetului de pe l\u00e2ng\u0103 \u00cenalta Curte de Casa\u021bie \u0219i Justi\u021bie nr. 261\/C\/2015, din data de 2 februarie 2015, privind formularea cererii de urm\u0103rire penal\u0103 fa\u021b\u0103 de domnul Videanu Adriean, \u00een calitate de fost ministru al Economiei, respectiv al Economiei, Comer\u021bului \u0219i Mediului de afaceri \u0219i membru al Guvernului \u00een perioada decembrie 2008 \u2014 septembrie 2010, \u00een temeiul dispozi\u021biilor Art. 109 alin. (2) teza \u00eent\u00e2i din Constitu\u021bia Rom\u00e2niei, republicat\u0103, Art. 12 si Art. 18 din Legea nr. 115\/1999 privind responsabilitatea ministerial\u0103, republicat\u0103, cu modific\u0103rile \u0219i complet\u0103rile ulterioare, av\u00e2nd \u00een vedere decizia Cur\u021bii Constitu\u021bionale nr. 270\/2008, pre\u0219edintele Rom\u00e2niei, domnul Klaus-Werner Iohannis, a transmis ministrului Justi\u021biei cererea de urm\u0103rire penala a domnului Videanu Adriean, \u00een calitate de fost ministru al Economiei, respectiv al Economiei, Comer\u021bului \u0219i Mediului de afaceri, pentru a se proceda conform legii&#8221;, se arat\u0103 \u00een comunicatul Administra\u021biei Preziden\u021biale, conform Agerpres.<br \/>\nTotodat\u0103, Parchetul de pe l\u00e2ng\u0103 \u00cenalta Curte de Casa\u021bie \u0219i Justi\u021bie a fost \u00een\u0219tiin\u021bat cu privire la formularea cererii de urm\u0103rire penal\u0103 a lui Videanu Adriean, \u00een calitate de fost ministru al Economiei, respectiv al Economiei, Comer\u021bului \u0219i Mediului de afaceri.<br \/>\nLuni, DIICOT a \u00eenaintat procurorului general Tiberiu Ni\u021bu referatul prin care se solicit\u0103 realizarea demersurilor necesare c\u0103tre Senat \u00een vedere formul\u0103rii cererii de urm\u0103rire penal\u0103 pentru fostul ministru Varujan Vosganian \u00een dosarul Romgaz.<br \/>\nDe asemenea, DIICOT a solicitat procurorului general s\u0103 formuleze o cerere de urm\u0103rire penal\u0103 c\u0103tre \u0219eful statului pentru fostul ministru Adriean Videanu, cercetat \u00een acela\u0219i dosar.<\/div>\n<p> Source URL: https:\/\/observatornews.ro\/politic\/iohannis-cere-urmarirea-penala-a-lui-videanu-144903.html<\/p>\n","protected":false},"excerpt":{"rendered":"<p>Pre\u0219edintele Klaus Iohannis a transmis ministrului Justi\u021biei cererea de urm\u0103rire penala a lui Adriean Videanu, \u00een calitate de fost ministru al Economiei, respectiv al Economiei, Comer\u021bului \u0219i Mediului de afaceri Pre\u0219edintele Klaus Iohannis a transmis ministrului Justi\u021biei cererea de urm\u0103rire penala a lui Adriean Videanu, \u00een calitate de fost ministru al Economiei, respectiv al Economiei, [&hellip;]<\/p>\n","protected":false},"author":1,"featured_media":384500,"comment_status":"open","ping_status":"","sticky":false,"template":"","format":"standard","meta":{"footnotes":""},"categories":[2],"tags":[30],"class_list":["post-384499","post","type-post","status-publish","format-standard","has-post-thumbnail","hentry","category-politics","tag-observatornews-ro"],"_links":{"self":[{"href":"https:\/\/analyse.optim.biz\/index.php?rest_route=\/wp\/v2\/posts\/384499","targetHints":{"allow":["GET"]}}],"collection":[{"href":"https:\/\/analyse.optim.biz\/index.php?rest_route=\/wp\/v2\/posts"}],"about":[{"href":"https:\/\/analyse.optim.biz\/index.php?rest_route=\/wp\/v2\/types\/post"}],"author":[{"embeddable":true,"href":"https:\/\/analyse.optim.biz\/index.php?rest_route=\/wp\/v2\/users\/1"}],"replies":[{"embeddable":true,"href":"https:\/\/analyse.optim.biz\/index.php?rest_route=%2Fwp%2Fv2%2Fcomments&post=384499"}],"version-history":[{"count":0,"href":"https:\/\/analyse.optim.biz\/index.php?rest_route=\/wp\/v2\/posts\/384499\/revisions"}],"wp:featuredmedia":[{"embeddable":true,"href":"https:\/\/analyse.optim.biz\/index.php?rest_route=\/wp\/v2\/media\/384500"}],"wp:attachment":[{"href":"https:\/\/analyse.optim.biz\/index.php?rest_route=%2Fwp%2Fv2%2Fmedia&parent=384499"}],"wp:term":[{"taxonomy":"category","embeddable":true,"href":"https:\/\/analyse.optim.biz\/index.php?rest_route=%2Fwp%2Fv2%2Fcategories&post=384499"},{"taxonomy":"post_tag","embeddable":true,"href":"https:\/\/analyse.optim.biz\/index.php?rest_route=%2Fwp%2Fv2%2Ftags&post=384499"}],"curies":[{"name":"wp","href":"https:\/\/api.w.org\/{rel}","templated":true}]}}