{"id":384498,"date":"2015-02-04T13:12:00","date_gmt":"2015-02-04T10:12:00","guid":{"rendered":"https:\/\/analyse.optim.biz\/?p=384498"},"modified":"2015-02-04T13:12:00","modified_gmt":"2015-02-04T10:12:00","slug":"toni-grebla-a-demisionat-din-functia-de-judecator-al-curtii-constitutionale","status":"publish","type":"post","link":"https:\/\/analyse.optim.biz\/?p=384498","title":{"rendered":"Toni Grebl\u0103 a demisionat din func\u0163ia de judec\u0103tor al Cur\u0163ii Constitu\u0163ionale"},"content":{"rendered":"<div class=\"description\" data-key=\"description\">Judec\u0103torul Cur\u0163ii Constitu\u0163ionale Toni Grebl\u0103 \u015fi-a prezentat demisia din func\u0163ie, miercuri, \u00een Plenul CC, invoc\u00e2nd presiunile exercitate asupra institu\u0163iei \u00een leg\u0103tur\u0103 cu exercitarea atribu\u0163iilor sale<\/div>\n<div class=\"articleBody\" data-key=\"articleBody\">\nJudec\u0103torul Cur\u0163ii Constitu\u0163ionale Toni Grebl\u0103 \u015fi-a prezentat demisia din func\u0163ie, miercuri, \u00een Plenul CC, invoc\u00e2nd presiunile exercitate asupra institu\u0163iei \u00een leg\u0103tur\u0103 cu exercitarea atribu\u0163iilor sale<br \/>\nAstfel, Toni Grebl\u0103 poate fi arestat \u00een orice moment, nemaifiind nevoie de niciun alt aviz.<\/p>\n<p>&#8220;Ast\u0103zi, 4 februarie 2015, domnul Toni Grebl\u0103 s-a prezentat la sediul Cur\u0163ii Constitu\u0163ionale \u015fi a comunicat Plenului decizia de a demisiona din func\u0163ia de judec\u0103tor al Cur\u0163ii Constitu\u0163ionale. Plenul Cur\u0163ii Constitu\u0163ionale a luat act de decizia sa, iar Pre\u015fedintele Cur\u0163ii Constitu\u0163ionale a constatat, \u00een temeiul art.67 alin.(1) lit.a) \u015fi alin.(2) din Legea nr.47\/1992 privind organizarea \u015fi func\u0163ionarea Cur\u0163ii Constitu\u0163ionale, \u00eencetarea mandatului de judec\u0103tor al Cur\u0163ii Constitu\u0163ionale al domnului Toni Grebl\u0103&#8221;, se arat\u0103 \u00eentr-un comunicat de pres\u0103 al CC.<br \/>\nCurtea a constatat c\u0103 actul demisiei a survenit pe fondul presiunilor exercitate asupra instan\u0163ei constitu\u0163ionale \u00een leg\u0103tur\u0103 cu exercitarea atribu\u0163iilor sale prev\u0103zute de Legea fundamental\u0103.\n<\/p><\/div>\n<p> Source URL: https:\/\/observatornews.ro\/politic\/toni-grebla-a-demisionat-din-functia-de-judecator-al-curtii-constitutionale-144904.html<\/p>\n","protected":false},"excerpt":{"rendered":"<p>Judec\u0103torul Cur\u0163ii Constitu\u0163ionale Toni Grebl\u0103 \u015fi-a prezentat demisia din func\u0163ie, miercuri, \u00een Plenul CC, invoc\u00e2nd presiunile exercitate asupra institu\u0163iei \u00een leg\u0103tur\u0103 cu exercitarea atribu\u0163iilor sale Judec\u0103torul Cur\u0163ii Constitu\u0163ionale Toni Grebl\u0103 \u015fi-a prezentat demisia din func\u0163ie, miercuri, \u00een Plenul CC, invoc\u00e2nd presiunile exercitate asupra institu\u0163iei \u00een leg\u0103tur\u0103 cu exercitarea atribu\u0163iilor sale Astfel, Toni Grebl\u0103 poate fi [&hellip;]<\/p>\n","protected":false},"author":1,"featured_media":0,"comment_status":"open","ping_status":"","sticky":false,"template":"","format":"standard","meta":{"footnotes":""},"categories":[2],"tags":[30],"class_list":["post-384498","post","type-post","status-publish","format-standard","hentry","category-politics","tag-observatornews-ro"],"_links":{"self":[{"href":"https:\/\/analyse.optim.biz\/index.php?rest_route=\/wp\/v2\/posts\/384498","targetHints":{"allow":["GET"]}}],"collection":[{"href":"https:\/\/analyse.optim.biz\/index.php?rest_route=\/wp\/v2\/posts"}],"about":[{"href":"https:\/\/analyse.optim.biz\/index.php?rest_route=\/wp\/v2\/types\/post"}],"author":[{"embeddable":true,"href":"https:\/\/analyse.optim.biz\/index.php?rest_route=\/wp\/v2\/users\/1"}],"replies":[{"embeddable":true,"href":"https:\/\/analyse.optim.biz\/index.php?rest_route=%2Fwp%2Fv2%2Fcomments&post=384498"}],"version-history":[{"count":0,"href":"https:\/\/analyse.optim.biz\/index.php?rest_route=\/wp\/v2\/posts\/384498\/revisions"}],"wp:attachment":[{"href":"https:\/\/analyse.optim.biz\/index.php?rest_route=%2Fwp%2Fv2%2Fmedia&parent=384498"}],"wp:term":[{"taxonomy":"category","embeddable":true,"href":"https:\/\/analyse.optim.biz\/index.php?rest_route=%2Fwp%2Fv2%2Fcategories&post=384498"},{"taxonomy":"post_tag","embeddable":true,"href":"https:\/\/analyse.optim.biz\/index.php?rest_route=%2Fwp%2Fv2%2Ftags&post=384498"}],"curies":[{"name":"wp","href":"https:\/\/api.w.org\/{rel}","templated":true}]}}