{"id":384104,"date":"2015-02-12T14:24:00","date_gmt":"2015-02-12T11:24:00","guid":{"rendered":"https:\/\/analyse.optim.biz\/?p=384104"},"modified":"2015-02-12T14:24:00","modified_gmt":"2015-02-12T11:24:00","slug":"problemele-nu-se-mai-termina-adrian-sarbu-jefuit-in-inchisoare","status":"publish","type":"post","link":"https:\/\/analyse.optim.biz\/?p=384104","title":{"rendered":"Problemele nu se mai termin\u0103! Adrian S\u00e2rbu, jefuit \u00een \u00eenchisoare"},"content":{"rendered":"<div class=\"description\" data-key=\"description\">Adrian S\u00e2rbu pare s\u0103 fie cel mai ghinionist! Un coleg de arest a fost transferat la Penitenciarul Rahova, \u00eens\u0103 nu a plecat cu m\u00e2na goal\u0103<\/div>\n<div class=\"articleBody\" data-key=\"articleBody\">\nAdrian S\u00e2rbu pare s\u0103 fie cel mai ghinionist! Un coleg de arest a fost transferat la Penitenciarul Rahova, \u00eens\u0103 nu a plecat cu m\u00e2na goal\u0103<br \/>\nDin informa\u0163iile oferite de surse, acesta ar fi sustras dou\u0103 costume ce \u00eei apar\u0163ineau lui S\u00e2rbu.<br \/>\nIncidentul a avut loc ieri sear\u0103, \u00een timp ce Adrian S\u00e2rbu se afla la \u00cenalta Curte de Casa\u0163ie \u015fi Justi\u0163ie.\n<\/div>\n<p> Source URL: https:\/\/observatornews.ro\/politic\/problemele-nu-se-mai-termina-adrian-sarbu-jefuit-in-inchisoare-145521.html<\/p>\n","protected":false},"excerpt":{"rendered":"<p>Adrian S\u00e2rbu pare s\u0103 fie cel mai ghinionist! Un coleg de arest a fost transferat la Penitenciarul Rahova, \u00eens\u0103 nu a plecat cu m\u00e2na goal\u0103 Adrian S\u00e2rbu pare s\u0103 fie cel mai ghinionist! Un coleg de arest a fost transferat la Penitenciarul Rahova, \u00eens\u0103 nu a plecat cu m\u00e2na goal\u0103 Din informa\u0163iile oferite de surse, [&hellip;]<\/p>\n","protected":false},"author":1,"featured_media":0,"comment_status":"open","ping_status":"","sticky":false,"template":"","format":"standard","meta":{"footnotes":""},"categories":[2],"tags":[30],"class_list":["post-384104","post","type-post","status-publish","format-standard","hentry","category-politics","tag-observatornews-ro"],"_links":{"self":[{"href":"https:\/\/analyse.optim.biz\/index.php?rest_route=\/wp\/v2\/posts\/384104","targetHints":{"allow":["GET"]}}],"collection":[{"href":"https:\/\/analyse.optim.biz\/index.php?rest_route=\/wp\/v2\/posts"}],"about":[{"href":"https:\/\/analyse.optim.biz\/index.php?rest_route=\/wp\/v2\/types\/post"}],"author":[{"embeddable":true,"href":"https:\/\/analyse.optim.biz\/index.php?rest_route=\/wp\/v2\/users\/1"}],"replies":[{"embeddable":true,"href":"https:\/\/analyse.optim.biz\/index.php?rest_route=%2Fwp%2Fv2%2Fcomments&post=384104"}],"version-history":[{"count":0,"href":"https:\/\/analyse.optim.biz\/index.php?rest_route=\/wp\/v2\/posts\/384104\/revisions"}],"wp:attachment":[{"href":"https:\/\/analyse.optim.biz\/index.php?rest_route=%2Fwp%2Fv2%2Fmedia&parent=384104"}],"wp:term":[{"taxonomy":"category","embeddable":true,"href":"https:\/\/analyse.optim.biz\/index.php?rest_route=%2Fwp%2Fv2%2Fcategories&post=384104"},{"taxonomy":"post_tag","embeddable":true,"href":"https:\/\/analyse.optim.biz\/index.php?rest_route=%2Fwp%2Fv2%2Ftags&post=384104"}],"curies":[{"name":"wp","href":"https:\/\/api.w.org\/{rel}","templated":true}]}}