{"id":384103,"date":"2015-02-12T14:41:00","date_gmt":"2015-02-12T11:41:00","guid":{"rendered":"https:\/\/analyse.optim.biz\/?p=384103"},"modified":"2015-02-12T14:41:00","modified_gmt":"2015-02-12T11:41:00","slug":"iohannis-despre-vosganian-nu-s-a-inteles-necesitatea-schimbarii","status":"publish","type":"post","link":"https:\/\/analyse.optim.biz\/?p=384103","title":{"rendered":"Iohannis, despre Vosganian: Nu s-a \u00een\u0163eles necesitatea schimb\u0103rii"},"content":{"rendered":"<div class=\"description\" data-key=\"description\">Pre\u015fedintele Klaus Iohannis a spus, joi, c\u0103 se a\u015ftepta ca Senatul s\u0103 \u00eencuviin\u0163eze cererea de \u00eencepere a urm\u0103ririi penale \u00een cazul senatorului PNL Varujan Vosganian, preciz\u00e2nd c\u0103 votul senatorilor arat\u0103 c\u0103 nu s-a \u00een\u0163eles pe deplin necesitatea schimb\u0103rii<\/div>\n<div class=\"articleBody\" data-key=\"articleBody\">\nPre\u015fedintele Klaus Iohannis a spus, joi, c\u0103 se a\u015ftepta ca Senatul s\u0103 \u00eencuviin\u0163eze cererea de \u00eencepere a urm\u0103ririi penale \u00een cazul senatorului PNL Varujan Vosganian, preciz\u00e2nd c\u0103 votul senatorilor arat\u0103 c\u0103 nu s-a \u00een\u0163eles pe deplin necesitatea schimb\u0103rii<\/p>\n<p>&#8220;M\u0103 a\u015fteptam ca Senatul s\u0103 \u00eencuviin\u0163eze cererea DNA de \u00eencepere a urm\u0103ririi penale \u00een cazul senatorului PNL Varujan Vosganian. Votul senatorilor arat\u0103 c\u0103 nu s-a \u00een\u0163eles \u00eenc\u0103 pe deplin necesitatea schimb\u0103rii pentru care am pledat at\u00e2t la consult\u0103rile cu partidele politice parlamentare, c\u00e2t \u015fi \u00een recentul discurs \u0163inut \u00een plenul Parlamentului&#8221;, a scris, joi, pe Facebook, pre\u015fedintele Klaus Iohannis, aflat la Bruxelles, la reuniunea informal\u0103 a Consiliului European, conform Antena3.<\/p>\n<p>&#8220;\u00cen fa\u0163a justi\u0163iei, nu exist\u0103 dec\u00e2t o singur\u0103 m\u0103sur\u0103: respectul fa\u0163\u0103 de lege, indiferent de persoan\u0103 sau func\u0163ie&#8221;, a ad\u0103ugat \u015feful statului.<br \/>\nSenatul a respins, joi, solicitarea Parchetului General de \u00eencuviin\u0163are a \u00eenceperii urm\u0103ririi penale \u00eempotriva senatorului PNL Varujan Vosganian, fiind \u00eenregistrate 71 de voturi &#8220;\u00eempotriv\u0103&#8221;, 56 de voturi &#8220;pentru&#8221;, 5 voturi fiind anulate. Votul a fost secret, cu bile.<\/p><\/div>\n<p> Source URL: https:\/\/observatornews.ro\/politic\/iohannis-despre-vosganian-nu-sa-inteles-necesitatea-schimbarii-145525.html<\/p>\n","protected":false},"excerpt":{"rendered":"<p>Pre\u015fedintele Klaus Iohannis a spus, joi, c\u0103 se a\u015ftepta ca Senatul s\u0103 \u00eencuviin\u0163eze cererea de \u00eencepere a urm\u0103ririi penale \u00een cazul senatorului PNL Varujan Vosganian, preciz\u00e2nd c\u0103 votul senatorilor arat\u0103 c\u0103 nu s-a \u00een\u0163eles pe deplin necesitatea schimb\u0103rii Pre\u015fedintele Klaus Iohannis a spus, joi, c\u0103 se a\u015ftepta ca Senatul s\u0103 \u00eencuviin\u0163eze cererea de \u00eencepere a [&hellip;]<\/p>\n","protected":false},"author":1,"featured_media":0,"comment_status":"open","ping_status":"","sticky":false,"template":"","format":"standard","meta":{"footnotes":""},"categories":[2],"tags":[30],"class_list":["post-384103","post","type-post","status-publish","format-standard","hentry","category-politics","tag-observatornews-ro"],"_links":{"self":[{"href":"https:\/\/analyse.optim.biz\/index.php?rest_route=\/wp\/v2\/posts\/384103","targetHints":{"allow":["GET"]}}],"collection":[{"href":"https:\/\/analyse.optim.biz\/index.php?rest_route=\/wp\/v2\/posts"}],"about":[{"href":"https:\/\/analyse.optim.biz\/index.php?rest_route=\/wp\/v2\/types\/post"}],"author":[{"embeddable":true,"href":"https:\/\/analyse.optim.biz\/index.php?rest_route=\/wp\/v2\/users\/1"}],"replies":[{"embeddable":true,"href":"https:\/\/analyse.optim.biz\/index.php?rest_route=%2Fwp%2Fv2%2Fcomments&post=384103"}],"version-history":[{"count":0,"href":"https:\/\/analyse.optim.biz\/index.php?rest_route=\/wp\/v2\/posts\/384103\/revisions"}],"wp:attachment":[{"href":"https:\/\/analyse.optim.biz\/index.php?rest_route=%2Fwp%2Fv2%2Fmedia&parent=384103"}],"wp:term":[{"taxonomy":"category","embeddable":true,"href":"https:\/\/analyse.optim.biz\/index.php?rest_route=%2Fwp%2Fv2%2Fcategories&post=384103"},{"taxonomy":"post_tag","embeddable":true,"href":"https:\/\/analyse.optim.biz\/index.php?rest_route=%2Fwp%2Fv2%2Ftags&post=384103"}],"curies":[{"name":"wp","href":"https:\/\/api.w.org\/{rel}","templated":true}]}}