{"id":384100,"date":"2015-02-12T15:03:00","date_gmt":"2015-02-12T12:03:00","guid":{"rendered":"https:\/\/analyse.optim.biz\/?p=384100"},"modified":"2015-02-12T15:03:00","modified_gmt":"2015-02-12T12:03:00","slug":"ani-cere-dna-cercetarea-primarului-din-orasul-avrig","status":"publish","type":"post","link":"https:\/\/analyse.optim.biz\/?p=384100","title":{"rendered":"ANI cere DNA cercetarea primarului din ora\u0219ul Avrig"},"content":{"rendered":"<div class=\"description\" data-key=\"description\">Agen\u021bia Na\u021bionala de Integritate (ANI) a sesizat Direc\u021bia Na\u021bional\u0103 Anticorup\u021bie (DNA) \u00een vederea cercet\u0103rii lui Arnold Gunter Klingeis, primar al ora\u0219ului Avrig, jude\u021bul Sibiu, pentru conflict de interese \u0219i infrac\u021biuni asimilate infrac\u021biunilor de corup\u021bie<\/div>\n<div class=\"articleBody\" data-key=\"articleBody\">Agen\u021bia Na\u021bionala de Integritate (ANI) a sesizat Direc\u021bia Na\u021bional\u0103 Anticorup\u021bie (DNA) \u00een vederea cercet\u0103rii lui Arnold Gunter Klingeis, primar al ora\u0219ului Avrig, jude\u021bul Sibiu, pentru conflict de interese \u0219i infrac\u021biuni asimilate infrac\u021biunilor de corup\u021bie<br \/>\nPotrivit unui comunicat al ANI, Arnold Gunter Klingeis a \u00eenc\u0103lcat regimul juridic privind conflictul de interese \u00een materie administrativ\u0103, \u00eentruc\u00e2t, \u00een calitate de primar, a influen\u021bat \u00eendeplinirea cu obiectivitate a atribu\u021biilor care \u00eei reveneau, semn\u00e2nd 27 acte juridice (contracte \u0219i comenzi ferme care au avut ca scop promovarea \u0219i publicitatea ansamblului re\u0219edin\u021ba de var\u0103 \u0219i a parcului Samuel von Brukenthal, imobil &#8220;sit pilot \u00een cadrul proiectului&#8221;, care face obiectul contractului de loca\u021biune \u00eencheiat \u00eentre SC Klingeis Consulting SRL, unde primarul de\u021bine calitatea de asociat iar so\u021bia \u0219i fratele de\u021bin calitatea de asociat \u0219i func\u021bia de administrator, \u0219i Funda\u021bia Samuel von Brukenthal, \u00eencheiate \u00een cadrul Proiectului &#8220;CultTour&#8221; \u00eentre Prim\u0103ria Avrig \u0219i diver\u0219i prestatori de servicii.<br \/>\nValoare total\u0103 a celor 27 de acte juridice este de 690.540 lei.<br \/>\nPrim\u0103ria Avrig, ca promotor al Proiectului &#8220;CultTour&#8221;, a propus Funda\u021biei Samuel von Brukenthal Sibiu s\u0103 devin\u0103 partener de proiect, \u00eentruc\u00e2t a considerat oportun\u0103 participarea funda\u021biei \u00een calitate de partener, av\u00e2nd \u00een vedere responsabilitatea acesteia \u00een ceea ce prive\u0219te administrarea re\u0219edin\u021bei de var\u0103 \u0219i a gr\u0103dinii baroc, care au rol de sit pilot \u00een cadrul proiectului.<br \/>\nUlterior datei la care a fost \u00eencheiat contractul pentru implementarea proiectului, \u00eentre SC Klingeis Consulting SRL \u0219i funda\u021bia men\u021bionat\u0103 a fost \u00eencheiat \u0219i contractul &#8220;de loca\u021biune a ansamblului re\u0219edin\u021ba de var\u0103 \u0219i a parcului Samuel von Brukenthal&#8221;.<br \/>\nConform ANI, Arnold Gunter Klingeis a \u00eenc\u0103lcat \u0219i regimul juridic privind conflictul de interese \u00een materie penal\u0103, \u00eentruc\u00e2t, \u00een perioada exercit\u0103rii func\u021biei de primar, acesta a \u00eendeplinit acte prin care s-au realizat, indirect, foloase materiale pentru sine, so\u021bia sa \u0219i fratele s\u0103u, const\u00e2nd \u00een cre\u0219terea cifrei de afaceri \u0219i a profitului societ\u0103\u021bii SC Klingeis Consulting SRL, scrie Agerpres.<br \/>\nPrin urmare, Arnold Gunter Klingeis a \u00eenc\u0103lcat dispozi\u021biile art. 76, alin. (1) din Legea nr. 161\/2003, potrivit c\u0103rora &#8220;Primarii (&#8230;) sunt obliga\u021bi s\u0103 nu emit\u0103 un act administrativ sau s\u0103 nu \u00eencheie un act juridic ori s\u0103 nu emit\u0103 o dispozi\u021bie, \u00een exercitarea func\u021biei, care produce un folos material pentru sine, pentru so\u021bul sau ori rudele sale de gradul I&#8221; \u0219i dispozi\u021biile art. 301, alin. (1) din CPP, potrivit c\u0103rora &#8220;Fapta func\u021bionarului public care, \u00een exercitarea atribu\u021biilor de serviciu, a \u00eendeplinit un act ori a participat la luarea unei decizii prin care s-a ob\u021binut, direct sau indirect, un folos patrimonial, pentru sine, pentru so\u021bul s\u0103u, pentru o rud\u0103 ori pentru un afin p\u00e2n\u0103 la gradul II inclusiv sau pentru o alt\u0103 persoan\u0103 cu care s-a aflat \u00een raporturi comerciale ori de munc\u0103 \u00een ultimii 5 ani sau din partea c\u0103reia a beneficiat ori beneficiaz\u0103 de foloase de orice natur\u0103, se pedepse\u0219te cu \u00eenchisoarea de la unu la 5 ani \u0219i interzicerea exercit\u0103rii dreptului de a ocupa o func\u021bie public\u0103&#8221;.<br \/>\nDe asemenea, Arnold Gunter Klingeis a \u00eenc\u0103lcat \u0219i dispozi\u021biile art. 12, lit. b) din Legea nr. 78\/2000, potrivit c\u0103rora &#8220;Sunt pedepsite cu \u00eenchisoarea de la 1 la 5 ani urm\u0103toarele fapte, dac\u0103 sunt s\u0103v\u00e2r\u0219ite \u00een scopul ob\u021binerii pentru sine sau pentru altul de bani, bunuri ori alte foloase necuvenite: folosirea, \u00een orice mod, direct sau indirect, de informa\u021bii ce nu sunt destinate publicit\u0103\u021bii ori permiterea accesului unor persoane neautorizate la aceste informa\u021bii&#8221;.<\/div>\n<p> Source URL: https:\/\/observatornews.ro\/politic\/ani-cere-dna-cercetarea-primarului-din-oraul-avrig-145531.html<\/p>\n","protected":false},"excerpt":{"rendered":"<p>Agen\u021bia Na\u021bionala de Integritate (ANI) a sesizat Direc\u021bia Na\u021bional\u0103 Anticorup\u021bie (DNA) \u00een vederea cercet\u0103rii lui Arnold Gunter Klingeis, primar al ora\u0219ului Avrig, jude\u021bul Sibiu, pentru conflict de interese \u0219i infrac\u021biuni asimilate infrac\u021biunilor de corup\u021bie Agen\u021bia Na\u021bionala de Integritate (ANI) a sesizat Direc\u021bia Na\u021bional\u0103 Anticorup\u021bie (DNA) \u00een vederea cercet\u0103rii lui Arnold Gunter Klingeis, primar al ora\u0219ului [&hellip;]<\/p>\n","protected":false},"author":1,"featured_media":384101,"comment_status":"open","ping_status":"","sticky":false,"template":"","format":"standard","meta":{"footnotes":""},"categories":[2],"tags":[30],"class_list":["post-384100","post","type-post","status-publish","format-standard","has-post-thumbnail","hentry","category-politics","tag-observatornews-ro"],"_links":{"self":[{"href":"https:\/\/analyse.optim.biz\/index.php?rest_route=\/wp\/v2\/posts\/384100","targetHints":{"allow":["GET"]}}],"collection":[{"href":"https:\/\/analyse.optim.biz\/index.php?rest_route=\/wp\/v2\/posts"}],"about":[{"href":"https:\/\/analyse.optim.biz\/index.php?rest_route=\/wp\/v2\/types\/post"}],"author":[{"embeddable":true,"href":"https:\/\/analyse.optim.biz\/index.php?rest_route=\/wp\/v2\/users\/1"}],"replies":[{"embeddable":true,"href":"https:\/\/analyse.optim.biz\/index.php?rest_route=%2Fwp%2Fv2%2Fcomments&post=384100"}],"version-history":[{"count":0,"href":"https:\/\/analyse.optim.biz\/index.php?rest_route=\/wp\/v2\/posts\/384100\/revisions"}],"wp:featuredmedia":[{"embeddable":true,"href":"https:\/\/analyse.optim.biz\/index.php?rest_route=\/wp\/v2\/media\/384101"}],"wp:attachment":[{"href":"https:\/\/analyse.optim.biz\/index.php?rest_route=%2Fwp%2Fv2%2Fmedia&parent=384100"}],"wp:term":[{"taxonomy":"category","embeddable":true,"href":"https:\/\/analyse.optim.biz\/index.php?rest_route=%2Fwp%2Fv2%2Fcategories&post=384100"},{"taxonomy":"post_tag","embeddable":true,"href":"https:\/\/analyse.optim.biz\/index.php?rest_route=%2Fwp%2Fv2%2Ftags&post=384100"}],"curies":[{"name":"wp","href":"https:\/\/api.w.org\/{rel}","templated":true}]}}