{"id":384077,"date":"2015-02-12T15:33:00","date_gmt":"2015-02-12T12:33:00","guid":{"rendered":"https:\/\/analyse.optim.biz\/?p=384077"},"modified":"2015-02-12T15:33:00","modified_gmt":"2015-02-12T12:33:00","slug":"elena-udrea-scriitoare-din-arest-e-un-veritabil-delir","status":"publish","type":"post","link":"https:\/\/analyse.optim.biz\/?p=384077","title":{"rendered":"Elena Udrea, scriitoare din arest: &#8220;E un veritabil delir!&#8221;"},"content":{"rendered":"<div class=\"description\" data-key=\"description\">Elena Udrea nu se l\u0103sa nici \u00een arest! Aceasta a scris pe Facebook, cu ajutorul avocatului, un mesaj pentru sus\u0163in\u0103tori, dar \u015fi pentru pres\u0103<\/div>\n<div class=\"articleBody\" data-key=\"articleBody\">\n<p>Elena Udrea nu se l\u0103sa nici \u00een arest! Aceasta a scris pe Facebook, cu ajutorul avocatului, un mesaj pentru sus\u0163in\u0103tori, dar \u015fi pentru pres\u0103<\/p>\n<p>at\u0103 cea mai recent\u0103 postare a Elenei Udrea pe Facebook:<br \/>\n&#8220;Acuza\u0163ii \u00eenchipuite \u015fi specula\u0163ii f\u0103r\u0103 temei ale procurorilor continu\u0103 s\u0103 curg\u0103 g\u00e2rl\u0103 \u00eempotriva mea pe toate mass media. E un veritabil delir. \u00cen Rom\u00e2nia, pare c\u0103 s-a inventat un nou sport na\u0163ional: ce acuza\u0163ii neprobate s\u0103-i mai aducem Elenei Udrea, \u00een speran\u0163a c\u0103, neput\u00e2nd s\u0103 se apere, pentru c\u0103 e \u00een arest, nu va putea s\u0103 r\u0103spund\u0103.<br \/>\nAdev\u0103rul gol-golu\u0163 este c\u0103, \u00een dosarul Microsoft, acuza\u0163ia care mi se aduce se reduce la faptul c\u0103 am fost so\u0163ia lui Dorin Coco\u015f \u015fi se presupune c\u0103 a\u015f fi \u015ftiut ce f\u0103cea acesta. Pornind de aici, se fabuleaz\u0103 \u015fi se inventeaz\u0103 pove\u015fti nemuritoare. Dar asta se \u015ftia \u015fi \u00eenainte de 29 ianuarie, c\u00e2nd am fost pus\u0103 sub acuzare, se \u015ftia \u015fi anul trecut, c\u00e2nd s-a deschis dosar \u00eempotriva lui Dorin Coco\u015f. \u00centre timp, nimic nou, nicio prob\u0103 suplimentar\u0103.<br \/>\nAceast\u0103 isterie a acuza\u0163iilor la adresa mea, rostogolite prin pres\u0103 de procurori DNA, trebuie s\u0103 se opreasc\u0103, pentru c\u0103 ajungem \u00eentr-o fund\u0103tur\u0103 logic\u0103 \u2013 procurorii lanseaz\u0103 acuza\u0163iile, inflameaz\u0103 presa \u015fi, apoi, \u00eempotriva mea se iau m\u0103suri ca urmare a presiunii publice (asta este motiva\u0163ia judec\u0103torilor). Sunt acuzat\u0103 la televizor, \u00een ziare \u015fi pe site-uri, dar nu pot s\u0103 m\u0103 ap\u0103r sau, dac\u0103 \u00eencerc s\u0103 o fac, sunt sanc\u0163ionat\u0103 pentru asta. Unde e democra\u0163ia dac\u0103 acuzatorii pot spune orice, dar nimeni nu vrea s\u0103 aud\u0103 argumentele ap\u0103r\u0103rii?<br \/>\nJudec\u0103torii, oricine ar fi ei \u015fi orice cauz\u0103 ar judeca, trebuie s\u0103 fie puternici \u015fi curajo\u015fi. Trebuie s\u0103 ia decizii pe lege, fapte \u015fi probe, nu pe ce spune televizorul. \u00cenc\u0103 o dat\u0103 spun: am \u00eencredere c\u0103, la apel, se va ridica m\u0103sura arestului preventiv, pentru c\u0103 nu a ap\u0103rut absolut nimic \u00een dosar de pe 29 ianuarie, c\u00e2nd am fost pus\u0103 sub control judiciar, \u015fi p\u00e2n\u0103 acum.&#8221;\n<\/p><\/div>\n<p> Source URL: https:\/\/observatornews.ro\/politic\/elena-udrea-scriitoare-din-arest-e-un-veritabil-delir-145532.html<\/p>\n","protected":false},"excerpt":{"rendered":"<p>Elena Udrea nu se l\u0103sa nici \u00een arest! Aceasta a scris pe Facebook, cu ajutorul avocatului, un mesaj pentru sus\u0163in\u0103tori, dar \u015fi pentru pres\u0103 Elena Udrea nu se l\u0103sa nici \u00een arest! Aceasta a scris pe Facebook, cu ajutorul avocatului, un mesaj pentru sus\u0163in\u0103tori, dar \u015fi pentru pres\u0103 at\u0103 cea mai recent\u0103 postare a Elenei [&hellip;]<\/p>\n","protected":false},"author":1,"featured_media":0,"comment_status":"open","ping_status":"","sticky":false,"template":"","format":"standard","meta":{"footnotes":""},"categories":[2],"tags":[30],"class_list":["post-384077","post","type-post","status-publish","format-standard","hentry","category-politics","tag-observatornews-ro"],"_links":{"self":[{"href":"https:\/\/analyse.optim.biz\/index.php?rest_route=\/wp\/v2\/posts\/384077","targetHints":{"allow":["GET"]}}],"collection":[{"href":"https:\/\/analyse.optim.biz\/index.php?rest_route=\/wp\/v2\/posts"}],"about":[{"href":"https:\/\/analyse.optim.biz\/index.php?rest_route=\/wp\/v2\/types\/post"}],"author":[{"embeddable":true,"href":"https:\/\/analyse.optim.biz\/index.php?rest_route=\/wp\/v2\/users\/1"}],"replies":[{"embeddable":true,"href":"https:\/\/analyse.optim.biz\/index.php?rest_route=%2Fwp%2Fv2%2Fcomments&post=384077"}],"version-history":[{"count":0,"href":"https:\/\/analyse.optim.biz\/index.php?rest_route=\/wp\/v2\/posts\/384077\/revisions"}],"wp:attachment":[{"href":"https:\/\/analyse.optim.biz\/index.php?rest_route=%2Fwp%2Fv2%2Fmedia&parent=384077"}],"wp:term":[{"taxonomy":"category","embeddable":true,"href":"https:\/\/analyse.optim.biz\/index.php?rest_route=%2Fwp%2Fv2%2Fcategories&post=384077"},{"taxonomy":"post_tag","embeddable":true,"href":"https:\/\/analyse.optim.biz\/index.php?rest_route=%2Fwp%2Fv2%2Ftags&post=384077"}],"curies":[{"name":"wp","href":"https:\/\/api.w.org\/{rel}","templated":true}]}}