{"id":384076,"date":"2015-02-12T15:38:00","date_gmt":"2015-02-12T12:38:00","guid":{"rendered":"https:\/\/analyse.optim.biz\/?p=384076"},"modified":"2015-02-12T15:38:00","modified_gmt":"2015-02-12T12:38:00","slug":"adriean-videanu-il-da-in-judecata-pe-gabriel-sandu","status":"publish","type":"post","link":"https:\/\/analyse.optim.biz\/?p=384076","title":{"rendered":"Adriean Videanu \u00eel d\u0103 \u00een judecat\u0103 pe Gabriel Sandu"},"content":{"rendered":"<div class=\"description\" data-key=\"description\">Adriean Videanu a anun\u0163at,joi,c\u0103 \u00eel d\u0103 \u00een judecat\u0103 pe Gabriel Sandu. Videanu spune c\u0103 rela\u0163iile sale cu Sandu s-au limitat la un simplu &#8220;Bun\u0103 ziua!&#8221; \u015fi neag\u0103 c\u0103 ar fi sprijinit sau ar fi semnat vreo HG referitoare la contractul Microsoft<\/div>\n<div class=\"articleBody\" data-key=\"articleBody\">\nAdriean Videanu a anun\u0163at,joi,c\u0103 \u00eel d\u0103 \u00een judecat\u0103 pe Gabriel Sandu. Videanu spune c\u0103 rela\u0163iile sale cu Sandu s-au limitat la un simplu &#8220;Bun\u0103 ziua!&#8221; \u015fi neag\u0103 c\u0103 ar fi sprijinit sau ar fi semnat vreo HG referitoare la contractul Microsoft<br \/>\n&#8221;Resping categoric dela\u021biunile numitului Sandu Gabriel la adresa mea referitoare la presiunile pe care le-a\u0219 fi exercitat asupra acestuia pentru a finan\u021ba campania electoral\u0103 din 2009. Nu am avut niciodat\u0103 niciun fel de rela\u021bii, altele dec\u00e2t cele institu\u021bionale, cu Sandu Gabriel, rela\u021biile dintre mine \u0219i numitul Sandu Gabriel limit\u00e2ndu-se la un simplu &#8216;Bun\u0103 ziua&#8217;. Mai mult, nu am sprijinit \u0219i nu am semnat nicio H.G. referitoare la contractul Microsoft. Nu am avut niciun fel de leg\u0103tur\u0103, nici m\u0103car tangen\u021bial\u0103, cu ini\u021bierea \u0219i\/sau derularea contractului \u00een cauz\u0103. Nu am cuno\u0219tin\u021b\u0103 despre sursele de finan\u021bare ale materialelor electorale la care numitul Sandu Gabriel face referire pentru c\u0103 acest aspect nu intra \u00een atribu\u021biile mele&#8221;, precizeaz\u0103 Videanu \u00eentr-o declara\u021bie transmis\u0103 joi AGERPRES.<br \/>\nReac\u021bia lui Videanu vine dup\u0103 ce fostul ministru Gabriel Sandu ar fi f\u0103cut declara\u021bii \u00een instan\u021b\u0103 referitoare la fo\u0219ti mini\u0219tri care ar fi primit mit\u0103 \u00een dosarul Microsoft.<\/div>\n<p> Source URL: https:\/\/observatornews.ro\/politic\/adriean-videanu-il-da-in-judecata-pe-gabriel-sandu-145533.html<\/p>\n","protected":false},"excerpt":{"rendered":"<p>Adriean Videanu a anun\u0163at,joi,c\u0103 \u00eel d\u0103 \u00een judecat\u0103 pe Gabriel Sandu. Videanu spune c\u0103 rela\u0163iile sale cu Sandu s-au limitat la un simplu &#8220;Bun\u0103 ziua!&#8221; \u015fi neag\u0103 c\u0103 ar fi sprijinit sau ar fi semnat vreo HG referitoare la contractul Microsoft Adriean Videanu a anun\u0163at,joi,c\u0103 \u00eel d\u0103 \u00een judecat\u0103 pe Gabriel Sandu. Videanu spune c\u0103 [&hellip;]<\/p>\n","protected":false},"author":1,"featured_media":0,"comment_status":"open","ping_status":"","sticky":false,"template":"","format":"standard","meta":{"footnotes":""},"categories":[2],"tags":[30],"class_list":["post-384076","post","type-post","status-publish","format-standard","hentry","category-politics","tag-observatornews-ro"],"_links":{"self":[{"href":"https:\/\/analyse.optim.biz\/index.php?rest_route=\/wp\/v2\/posts\/384076","targetHints":{"allow":["GET"]}}],"collection":[{"href":"https:\/\/analyse.optim.biz\/index.php?rest_route=\/wp\/v2\/posts"}],"about":[{"href":"https:\/\/analyse.optim.biz\/index.php?rest_route=\/wp\/v2\/types\/post"}],"author":[{"embeddable":true,"href":"https:\/\/analyse.optim.biz\/index.php?rest_route=\/wp\/v2\/users\/1"}],"replies":[{"embeddable":true,"href":"https:\/\/analyse.optim.biz\/index.php?rest_route=%2Fwp%2Fv2%2Fcomments&post=384076"}],"version-history":[{"count":0,"href":"https:\/\/analyse.optim.biz\/index.php?rest_route=\/wp\/v2\/posts\/384076\/revisions"}],"wp:attachment":[{"href":"https:\/\/analyse.optim.biz\/index.php?rest_route=%2Fwp%2Fv2%2Fmedia&parent=384076"}],"wp:term":[{"taxonomy":"category","embeddable":true,"href":"https:\/\/analyse.optim.biz\/index.php?rest_route=%2Fwp%2Fv2%2Fcategories&post=384076"},{"taxonomy":"post_tag","embeddable":true,"href":"https:\/\/analyse.optim.biz\/index.php?rest_route=%2Fwp%2Fv2%2Ftags&post=384076"}],"curies":[{"name":"wp","href":"https:\/\/api.w.org\/{rel}","templated":true}]}}