{"id":384075,"date":"2015-02-12T19:09:00","date_gmt":"2015-02-12T16:09:00","guid":{"rendered":"https:\/\/analyse.optim.biz\/?p=384075"},"modified":"2015-02-12T19:09:00","modified_gmt":"2015-02-12T16:09:00","slug":"porosenko-ii-multumesc-lui-iohannis-pentru-sustinerea-ucrainei-il-asteptam-foarte-curand-la-kiev","status":"publish","type":"post","link":"https:\/\/analyse.optim.biz\/?p=384075","title":{"rendered":"Poro\u0219enko: \u00cei mul\u021bumesc lui Iohannis pentru sus\u021binerea Ucrainei; \u00eel a\u0219tept\u0103m foarte cur\u00e2nd la Kiev"},"content":{"rendered":"<div class=\"description\" data-key=\"description\">Pre\u0219edintele Ucrainei, Petro Poro\u0219enko, a declarat joi c\u0103 l-a invitat pe omologul s\u0103u rom\u00e2n, Klaus Iohannis, s\u0103 efectueze o vizit\u0103 la Kiev, ar\u0103t\u00e2nd c\u0103 \u00eel a\u0219teapt\u0103 foarte cur\u00e2nd \u00een capitala Ucrainei<\/div>\n<div class=\"articleBody\" data-key=\"articleBody\">Pre\u0219edintele Ucrainei, Petro Poro\u0219enko, a declarat joi c\u0103 l-a invitat pe omologul s\u0103u rom\u00e2n, Klaus Iohannis, s\u0103 efectueze o vizit\u0103 la Kiev, ar\u0103t\u00e2nd c\u0103 \u00eel a\u0219teapt\u0103 foarte cur\u00e2nd \u00een capitala Ucrainei<br \/>\nPoro\u0219enko a apreciat c\u0103 \u00eent\u00e2lnirea de joi cu pre\u0219edintele Iohannis, \u00een marja reuniunii informale a Consiliului European, a fost &#8220;fructuoas\u0103&#8221;.<br \/>\n&#8220;Vreau s\u0103 \u00eei mul\u021bumesc pre\u0219edintelui Rom\u00e2niei pentru pozi\u021bia ferm\u0103 de sus\u021binere a Ucrainei. Am avut o foarte important\u0103 discu\u021bie bilateral\u0103 \u0219i l-am invitat s\u0103 viziteze Kievul. A primit invita\u021bia mea \u0219i \u00eel a\u0219tept\u0103m la Kiev foarte cur\u00e2nd&#8221;, a ar\u0103tat pre\u0219edintele ucrainean, dup\u0103 \u00eent\u00e2lnirea cu omologul s\u0103u rom\u00e2n, conform Agerpres.<br \/>\nPre\u0219edintele Klaus Iohannis a avut joi o \u00eent\u00e2lnire cu omologul s\u0103u ucrainean, Petro Poro\u0219enko, cu care a discutat despre rela\u021biile bilaterale dintre cele dou\u0103 \u021b\u0103ri \u0219i chestiuni de ordin regional, au precizat surse oficiale.<br \/>\n\u00cent\u00e2lnirea a fost solicitat\u0103 de pre\u0219edintele Poro\u0219enko.\n<\/div>\n<p> Source URL: https:\/\/observatornews.ro\/politic\/poroenko-ii-mulumesc-lui-iohannis-pentru-susinerea-ucrainei-il-ateptam-foarte-curand-la-kiev-145556.html<\/p>\n","protected":false},"excerpt":{"rendered":"<p>Pre\u0219edintele Ucrainei, Petro Poro\u0219enko, a declarat joi c\u0103 l-a invitat pe omologul s\u0103u rom\u00e2n, Klaus Iohannis, s\u0103 efectueze o vizit\u0103 la Kiev, ar\u0103t\u00e2nd c\u0103 \u00eel a\u0219teapt\u0103 foarte cur\u00e2nd \u00een capitala Ucrainei Pre\u0219edintele Ucrainei, Petro Poro\u0219enko, a declarat joi c\u0103 l-a invitat pe omologul s\u0103u rom\u00e2n, Klaus Iohannis, s\u0103 efectueze o vizit\u0103 la Kiev, ar\u0103t\u00e2nd c\u0103 [&hellip;]<\/p>\n","protected":false},"author":1,"featured_media":0,"comment_status":"open","ping_status":"","sticky":false,"template":"","format":"standard","meta":{"footnotes":""},"categories":[2],"tags":[30],"class_list":["post-384075","post","type-post","status-publish","format-standard","hentry","category-politics","tag-observatornews-ro"],"_links":{"self":[{"href":"https:\/\/analyse.optim.biz\/index.php?rest_route=\/wp\/v2\/posts\/384075","targetHints":{"allow":["GET"]}}],"collection":[{"href":"https:\/\/analyse.optim.biz\/index.php?rest_route=\/wp\/v2\/posts"}],"about":[{"href":"https:\/\/analyse.optim.biz\/index.php?rest_route=\/wp\/v2\/types\/post"}],"author":[{"embeddable":true,"href":"https:\/\/analyse.optim.biz\/index.php?rest_route=\/wp\/v2\/users\/1"}],"replies":[{"embeddable":true,"href":"https:\/\/analyse.optim.biz\/index.php?rest_route=%2Fwp%2Fv2%2Fcomments&post=384075"}],"version-history":[{"count":0,"href":"https:\/\/analyse.optim.biz\/index.php?rest_route=\/wp\/v2\/posts\/384075\/revisions"}],"wp:attachment":[{"href":"https:\/\/analyse.optim.biz\/index.php?rest_route=%2Fwp%2Fv2%2Fmedia&parent=384075"}],"wp:term":[{"taxonomy":"category","embeddable":true,"href":"https:\/\/analyse.optim.biz\/index.php?rest_route=%2Fwp%2Fv2%2Fcategories&post=384075"},{"taxonomy":"post_tag","embeddable":true,"href":"https:\/\/analyse.optim.biz\/index.php?rest_route=%2Fwp%2Fv2%2Ftags&post=384075"}],"curies":[{"name":"wp","href":"https:\/\/api.w.org\/{rel}","templated":true}]}}