{"id":384074,"date":"2015-02-12T19:12:00","date_gmt":"2015-02-12T16:12:00","guid":{"rendered":"https:\/\/analyse.optim.biz\/?p=384074"},"modified":"2015-02-12T19:12:00","modified_gmt":"2015-02-12T16:12:00","slug":"elena-udrea-de-dupa-gratii-oamenilor-politici-le-tremura-genunchii","status":"publish","type":"post","link":"https:\/\/analyse.optim.biz\/?p=384074","title":{"rendered":"Elena Udrea, de dup\u0103 gratii: &#8220;Oamenilor politici le tremur\u0103 genunchii&#8221;"},"content":{"rendered":"<div class=\"description\" data-key=\"description\">Elena Udrea vorbe\u015fte din nou pe Facebook. Fosta \u015fef\u0103 a PMP se declar\u0103 dezam\u0103git\u0103 de votul pe care parlamentarii l-au dat azi \u00eempotriva \u00eenceperii urm\u0103ririi penale a lui Varujan Vosganian<\/div>\n<div class=\"articleBody\" data-key=\"articleBody\">\nElena Udrea vorbe\u015fte din nou pe Facebook. Fosta \u015fef\u0103 a PMP se declar\u0103 dezam\u0103git\u0103 de votul pe care parlamentarii l-au dat azi \u00eempotriva \u00eenceperii urm\u0103ririi penale a lui Varujan Vosganian<br \/>\n&#8220;Parlamentul Rom\u00e2niei a luat ast\u0103zi decizia de a nu da aviz favorabil \u00eenceperii urm\u0103ririi penale \u00een cazul lui Varujan Vosganian. Acesta era acuzat de constituirea unui grup infrac\u0163ional \u015fi de subminarea economiei na\u0163ionale, fapte care pot fi considerate extraordinar de grave. C\u00e2nd a fost vorba de mine, au stat p\u00e2n\u0103 la 1 noaptea, ca s\u0103 voteze de dou\u0103 ori avizul privind \u00eenceperea urm\u0103ririi penale \u015fi de trei ori avizul pentru arestare. Spre deosebire de domnul Vosganian, eu am cerut ca justi\u0163ia s\u0103-\u015fi urmeze cursul, a\u015fa cum este firesc \u00eentr-o democra\u0163ie.<br \/>\nDublul standard pe care \u00eel aplic\u0103 parlamentarii PSD \u015fi PNL ast\u0103zi arat\u0103 c\u0103 ace\u015ftia nu g\u00e2ndesc principial \u015fi iat\u0103 de unde provine sl\u0103biciunea legiislativului \u015fi ne\u00eencrederea \u00een clasa politic\u0103.<\/p>\n<p>Eu nu spun c\u0103 Varujan Vosganian este vinovat, ci doar atrag aten\u0163ia aspupra faptului c\u0103 politicienii, cei care ar trebui s\u0103 conduc\u0103 Rom\u00e2nia pentru c\u0103 sunt valida\u0163i prin vot de popor, ac\u0163ioneaz\u0103 \u00een continuare dup\u0103 calcule m\u0103runte, ne\u00eentrez\u0103rind pericolul real care planeaz\u0103 asupra \u0163\u0103rii. Nu-i de mirare c\u0103 puterea este exercitat\u0103 ocult de oameni din umbr\u0103 \u00een fa\u0163a c\u0103rora multora dintre aceia\u015fi oameni politici le tremur\u0103 genunchii.&#8221; a scris Elena Udrea pe pagina sa de Facebook. <\/p><\/div>\n<p> Source URL: https:\/\/observatornews.ro\/politic\/elena-udrea-de-dupa-gratii-oamenilor-politici-le-tremura-genunchii-145557.html<\/p>\n","protected":false},"excerpt":{"rendered":"<p>Elena Udrea vorbe\u015fte din nou pe Facebook. Fosta \u015fef\u0103 a PMP se declar\u0103 dezam\u0103git\u0103 de votul pe care parlamentarii l-au dat azi \u00eempotriva \u00eenceperii urm\u0103ririi penale a lui Varujan Vosganian Elena Udrea vorbe\u015fte din nou pe Facebook. Fosta \u015fef\u0103 a PMP se declar\u0103 dezam\u0103git\u0103 de votul pe care parlamentarii l-au dat azi \u00eempotriva \u00eenceperii urm\u0103ririi [&hellip;]<\/p>\n","protected":false},"author":1,"featured_media":0,"comment_status":"open","ping_status":"","sticky":false,"template":"","format":"standard","meta":{"footnotes":""},"categories":[2],"tags":[30],"class_list":["post-384074","post","type-post","status-publish","format-standard","hentry","category-politics","tag-observatornews-ro"],"_links":{"self":[{"href":"https:\/\/analyse.optim.biz\/index.php?rest_route=\/wp\/v2\/posts\/384074","targetHints":{"allow":["GET"]}}],"collection":[{"href":"https:\/\/analyse.optim.biz\/index.php?rest_route=\/wp\/v2\/posts"}],"about":[{"href":"https:\/\/analyse.optim.biz\/index.php?rest_route=\/wp\/v2\/types\/post"}],"author":[{"embeddable":true,"href":"https:\/\/analyse.optim.biz\/index.php?rest_route=\/wp\/v2\/users\/1"}],"replies":[{"embeddable":true,"href":"https:\/\/analyse.optim.biz\/index.php?rest_route=%2Fwp%2Fv2%2Fcomments&post=384074"}],"version-history":[{"count":0,"href":"https:\/\/analyse.optim.biz\/index.php?rest_route=\/wp\/v2\/posts\/384074\/revisions"}],"wp:attachment":[{"href":"https:\/\/analyse.optim.biz\/index.php?rest_route=%2Fwp%2Fv2%2Fmedia&parent=384074"}],"wp:term":[{"taxonomy":"category","embeddable":true,"href":"https:\/\/analyse.optim.biz\/index.php?rest_route=%2Fwp%2Fv2%2Fcategories&post=384074"},{"taxonomy":"post_tag","embeddable":true,"href":"https:\/\/analyse.optim.biz\/index.php?rest_route=%2Fwp%2Fv2%2Ftags&post=384074"}],"curies":[{"name":"wp","href":"https:\/\/api.w.org\/{rel}","templated":true}]}}