{"id":384029,"date":"2015-02-13T12:05:00","date_gmt":"2015-02-13T09:05:00","guid":{"rendered":"https:\/\/analyse.optim.biz\/?p=384029"},"modified":"2015-02-13T12:05:00","modified_gmt":"2015-02-13T09:05:00","slug":"dorin-cocos-adus-la-dna","status":"publish","type":"post","link":"https:\/\/analyse.optim.biz\/?p=384029","title":{"rendered":"Dorin Coco\u0219, adus la DNA"},"content":{"rendered":"<div class=\"description\" data-key=\"description\">Omul de afaceri Dorin Coco\u0219 a fost adus vineri la Direc\u021bia Na\u021bional\u0103 Anticorup\u021bie pentru a fi audiat, el fiind arestat preventiv \u00een dou\u0103 dosare &#8211; Microsoft \u0219i cel disjuns din cauza \u00een care a fost trimis\u0103 \u00een judecat\u0103 fosta \u0219ef\u0103 DIICOT Alina Bica<\/div>\n<div class=\"articleBody\" data-key=\"articleBody\">Omul de afaceri Dorin Coco\u0219 a fost adus vineri la Direc\u021bia Na\u021bional\u0103 Anticorup\u021bie pentru a fi audiat, el fiind arestat preventiv \u00een dou\u0103 dosare &#8211; Microsoft \u0219i cel disjuns din cauza \u00een care a fost trimis\u0103 \u00een judecat\u0103 fosta \u0219ef\u0103 DIICOT Alina Bica<br \/>\nPotrivit unor surse judiciare, procurorii \u00eei audiaz\u0103 vineri \u0219i pe Gheorghe \u0218tefan, primarul din Piatra Neam\u021b, arestat preventiv \u00een Microsoft, \u0219i Alin Coco\u0219, arestat preventiv \u00een cel de-al doilea dosar al Alinei Bica. <\/div>\n<p> Source URL: https:\/\/observatornews.ro\/politic\/dorin-coco-adus-la-dna-145595.html<\/p>\n","protected":false},"excerpt":{"rendered":"<p>Omul de afaceri Dorin Coco\u0219 a fost adus vineri la Direc\u021bia Na\u021bional\u0103 Anticorup\u021bie pentru a fi audiat, el fiind arestat preventiv \u00een dou\u0103 dosare &#8211; Microsoft \u0219i cel disjuns din cauza \u00een care a fost trimis\u0103 \u00een judecat\u0103 fosta \u0219ef\u0103 DIICOT Alina Bica Omul de afaceri Dorin Coco\u0219 a fost adus vineri la Direc\u021bia Na\u021bional\u0103 [&hellip;]<\/p>\n","protected":false},"author":1,"featured_media":0,"comment_status":"open","ping_status":"","sticky":false,"template":"","format":"standard","meta":{"footnotes":""},"categories":[2],"tags":[30],"class_list":["post-384029","post","type-post","status-publish","format-standard","hentry","category-politics","tag-observatornews-ro"],"_links":{"self":[{"href":"https:\/\/analyse.optim.biz\/index.php?rest_route=\/wp\/v2\/posts\/384029","targetHints":{"allow":["GET"]}}],"collection":[{"href":"https:\/\/analyse.optim.biz\/index.php?rest_route=\/wp\/v2\/posts"}],"about":[{"href":"https:\/\/analyse.optim.biz\/index.php?rest_route=\/wp\/v2\/types\/post"}],"author":[{"embeddable":true,"href":"https:\/\/analyse.optim.biz\/index.php?rest_route=\/wp\/v2\/users\/1"}],"replies":[{"embeddable":true,"href":"https:\/\/analyse.optim.biz\/index.php?rest_route=%2Fwp%2Fv2%2Fcomments&post=384029"}],"version-history":[{"count":0,"href":"https:\/\/analyse.optim.biz\/index.php?rest_route=\/wp\/v2\/posts\/384029\/revisions"}],"wp:attachment":[{"href":"https:\/\/analyse.optim.biz\/index.php?rest_route=%2Fwp%2Fv2%2Fmedia&parent=384029"}],"wp:term":[{"taxonomy":"category","embeddable":true,"href":"https:\/\/analyse.optim.biz\/index.php?rest_route=%2Fwp%2Fv2%2Fcategories&post=384029"},{"taxonomy":"post_tag","embeddable":true,"href":"https:\/\/analyse.optim.biz\/index.php?rest_route=%2Fwp%2Fv2%2Ftags&post=384029"}],"curies":[{"name":"wp","href":"https:\/\/api.w.org\/{rel}","templated":true}]}}