{"id":383999,"date":"2015-02-13T18:02:00","date_gmt":"2015-02-13T15:02:00","guid":{"rendered":"https:\/\/analyse.optim.biz\/?p=383999"},"modified":"2015-02-13T18:02:00","modified_gmt":"2015-02-13T15:02:00","slug":"un-fost-sef-al-unei-agentii-de-spionaj-gasit-mort-in-bucuresti-era-implicat-intr-o-lovitura-de-stat","status":"publish","type":"post","link":"https:\/\/analyse.optim.biz\/?p=383999","title":{"rendered":"Un fost \u015fef al unei agen\u0163ii de spionaj, g\u0103sit mort \u00een Bucure\u015fti. Era implicat \u00eentr-o lovitur\u0103 de stat"},"content":{"rendered":"<div class=\"description\" data-key=\"description\">Un fost \u015fef al unei agen\u0163ii de spionaj din Turcia a fost g\u0103sit mort \u00eentr-un parc din Bucure\u015fti<\/div>\n<div class=\"articleBody\" data-key=\"articleBody\">\nUn fost \u015fef al unei agen\u0163ii de spionaj din Turcia a fost g\u0103sit mort \u00eentr-un parc din Bucure\u015fti<br \/>\nColonelul \u00een retragere Eser \u015eahan, \u00een v\u00e2rst\u0103 de 66 de ani, a fost g\u0103sit mort pe o banc\u0103. Al\u0103turi de corpul ne\u00eensufle\u0163it era o arm\u0103 de foc. Potrivit anchetatorilor, b\u0103rbatul, care era implicat \u00eentr-o lovitur\u0103 de stat la Ankara, s-ar fi sinucis.<br \/>\nEser \u015eahan locuia \u00een Rom\u00e2nia de zece ani \u015fi, \u00een urm\u0103 cu trei ani, solicitase azil politic.<br \/>\nArmata turc\u0103, garantul ordinii constitu\u0163ionale \u00een Turcia, a for\u0163at Guvernul turc condus de premierul Necmettin Erbakan s\u0103 demisioneze, \u00een anul 1997. \u00cen momentul deciziei, considerat\u0103 de unii anali\u015fti drept o lovitur\u0103 de stat militar\u0103, Eser \u015eahan era \u015feful Serviciului de informa\u0163ii al For\u0163elor navale turce.<br \/>\n77 de oficiali militari turci au fost judeca\u0163i \u00een Turcia pentru presupusa lovitur\u0103 de stat militar\u0103 din 28 februarie 1997.\n<\/div>\n<p> Source URL: https:\/\/observatornews.ro\/politic\/un-fost-sef-al-unei-agentii-de-spionaj-gasit-mort-in-bucuresti-era-implicat-intro-lovitura-de-stat-145634.html<\/p>\n","protected":false},"excerpt":{"rendered":"<p>Un fost \u015fef al unei agen\u0163ii de spionaj din Turcia a fost g\u0103sit mort \u00eentr-un parc din Bucure\u015fti Un fost \u015fef al unei agen\u0163ii de spionaj din Turcia a fost g\u0103sit mort \u00eentr-un parc din Bucure\u015fti Colonelul \u00een retragere Eser \u015eahan, \u00een v\u00e2rst\u0103 de 66 de ani, a fost g\u0103sit mort pe o banc\u0103. Al\u0103turi [&hellip;]<\/p>\n","protected":false},"author":1,"featured_media":384000,"comment_status":"open","ping_status":"","sticky":false,"template":"","format":"standard","meta":{"footnotes":""},"categories":[2],"tags":[30],"class_list":["post-383999","post","type-post","status-publish","format-standard","has-post-thumbnail","hentry","category-politics","tag-observatornews-ro"],"_links":{"self":[{"href":"https:\/\/analyse.optim.biz\/index.php?rest_route=\/wp\/v2\/posts\/383999","targetHints":{"allow":["GET"]}}],"collection":[{"href":"https:\/\/analyse.optim.biz\/index.php?rest_route=\/wp\/v2\/posts"}],"about":[{"href":"https:\/\/analyse.optim.biz\/index.php?rest_route=\/wp\/v2\/types\/post"}],"author":[{"embeddable":true,"href":"https:\/\/analyse.optim.biz\/index.php?rest_route=\/wp\/v2\/users\/1"}],"replies":[{"embeddable":true,"href":"https:\/\/analyse.optim.biz\/index.php?rest_route=%2Fwp%2Fv2%2Fcomments&post=383999"}],"version-history":[{"count":0,"href":"https:\/\/analyse.optim.biz\/index.php?rest_route=\/wp\/v2\/posts\/383999\/revisions"}],"wp:featuredmedia":[{"embeddable":true,"href":"https:\/\/analyse.optim.biz\/index.php?rest_route=\/wp\/v2\/media\/384000"}],"wp:attachment":[{"href":"https:\/\/analyse.optim.biz\/index.php?rest_route=%2Fwp%2Fv2%2Fmedia&parent=383999"}],"wp:term":[{"taxonomy":"category","embeddable":true,"href":"https:\/\/analyse.optim.biz\/index.php?rest_route=%2Fwp%2Fv2%2Fcategories&post=383999"},{"taxonomy":"post_tag","embeddable":true,"href":"https:\/\/analyse.optim.biz\/index.php?rest_route=%2Fwp%2Fv2%2Ftags&post=383999"}],"curies":[{"name":"wp","href":"https:\/\/api.w.org\/{rel}","templated":true}]}}