{"id":383995,"date":"2015-02-14T08:44:00","date_gmt":"2015-02-14T05:44:00","guid":{"rendered":"https:\/\/analyse.optim.biz\/?p=383995"},"modified":"2015-02-14T08:44:00","modified_gmt":"2015-02-14T05:44:00","slug":"elena-udrea-acuzata-de-rea-credinta-iata-cum-i-a-transmis-mesaje-codificate-lui-dorin-cocos","status":"publish","type":"post","link":"https:\/\/analyse.optim.biz\/?p=383995","title":{"rendered":"Elena Udrea, acuzat\u0103 de rea-credin\u0163\u0103. Iat\u0103 cum i-a transmis mesaje codificate lui Dorin Coco\u015f"},"content":{"rendered":"<div class=\"description\" data-key=\"description\">Interviurile acordate de Elena Udrea, \u00eenainte de a fi arestat\u0103, sunt tot at\u00e2tea mesaje c\u0103tre Dorin Coco\u015f, arat\u0103 judec\u0103torii \u00een motivarea arest\u0103rii fostului ministru al Dezvolt\u0103rii<\/div>\n<div class=\"articleBody\" data-key=\"articleBody\">Interviurile acordate de Elena Udrea, \u00eenainte de a fi arestat\u0103, sunt tot at\u00e2tea mesaje c\u0103tre Dorin Coco\u015f, arat\u0103 judec\u0103torii \u00een motivarea arest\u0103rii fostului ministru al Dezvolt\u0103rii<br \/>\nPotrivit motiv\u0103rii, blonda protejat\u0103 de Traian B\u0103sescu i-a sugerat ce vrea s\u0103 declare legat de banii pe care i-ar fi primit ca \u015fpag\u0103.<br \/>\n&#8220;Instan\u0163a consider\u0103 c\u0103 inculpata \u015fi-a \u00eenc\u0103lcat obliga\u0163ia ce-i revenea \u00een baza controlului judiciar cu rea-credin\u0163\u0103, \u00eentruc\u00e2t a urm\u0103rit ca acele afirma\u0163ii pe care le face s\u0103 ajung\u0103 la cuno\u015ftin\u0163a martorilor \u015fi persoanelor implicate \u00een dosarul Microsoft, pentru ca acestea s\u0103 cunoasc\u0103 \u00een prealabil care este ap\u0103rarea sa \u015fi, eventual, s\u0103 o sus\u0163in\u0103&#8221;, se arat\u0103 \u00een motivarea instan\u0163ei, conform Antena3.<br \/>\n&#8220;Explica\u0163iile date de inculpat\u0103 \u00een mass-media constituie tot at\u00e2tea indica\u0163ii c\u0103tre martorii \u015fi inculpa\u0163ii din dosarul respectiv, \u00een special c\u0103tre Dorin Coco\u015f, privind pozi\u0163ia procesual\u0103 pe care inculpata ar dori ca acesta s\u0103 o adopte, legat de acele sume de bani \u015fi mai ales de faptul c\u0103 dore\u015fte ca acesta s\u0103 o sus\u0163in\u0103 \u00een denun\u0163ul formulat \u00eempotriva unui \u015fef de serviciu secret rom\u00e2n&#8221;, mai spun magistra\u0163ii. <\/div>\n<p> Source URL: https:\/\/observatornews.ro\/politic\/elena-udrea-acuzata-de-reacredinta-iata-cum-ia-transmis-mesaje-codificate-lui-dorin-cocos-145691.html<\/p>\n","protected":false},"excerpt":{"rendered":"<p>Interviurile acordate de Elena Udrea, \u00eenainte de a fi arestat\u0103, sunt tot at\u00e2tea mesaje c\u0103tre Dorin Coco\u015f, arat\u0103 judec\u0103torii \u00een motivarea arest\u0103rii fostului ministru al Dezvolt\u0103rii Interviurile acordate de Elena Udrea, \u00eenainte de a fi arestat\u0103, sunt tot at\u00e2tea mesaje c\u0103tre Dorin Coco\u015f, arat\u0103 judec\u0103torii \u00een motivarea arest\u0103rii fostului ministru al Dezvolt\u0103rii Potrivit motiv\u0103rii, blonda [&hellip;]<\/p>\n","protected":false},"author":1,"featured_media":383996,"comment_status":"open","ping_status":"","sticky":false,"template":"","format":"standard","meta":{"footnotes":""},"categories":[2],"tags":[30],"class_list":["post-383995","post","type-post","status-publish","format-standard","has-post-thumbnail","hentry","category-politics","tag-observatornews-ro"],"_links":{"self":[{"href":"https:\/\/analyse.optim.biz\/index.php?rest_route=\/wp\/v2\/posts\/383995","targetHints":{"allow":["GET"]}}],"collection":[{"href":"https:\/\/analyse.optim.biz\/index.php?rest_route=\/wp\/v2\/posts"}],"about":[{"href":"https:\/\/analyse.optim.biz\/index.php?rest_route=\/wp\/v2\/types\/post"}],"author":[{"embeddable":true,"href":"https:\/\/analyse.optim.biz\/index.php?rest_route=\/wp\/v2\/users\/1"}],"replies":[{"embeddable":true,"href":"https:\/\/analyse.optim.biz\/index.php?rest_route=%2Fwp%2Fv2%2Fcomments&post=383995"}],"version-history":[{"count":0,"href":"https:\/\/analyse.optim.biz\/index.php?rest_route=\/wp\/v2\/posts\/383995\/revisions"}],"wp:featuredmedia":[{"embeddable":true,"href":"https:\/\/analyse.optim.biz\/index.php?rest_route=\/wp\/v2\/media\/383996"}],"wp:attachment":[{"href":"https:\/\/analyse.optim.biz\/index.php?rest_route=%2Fwp%2Fv2%2Fmedia&parent=383995"}],"wp:term":[{"taxonomy":"category","embeddable":true,"href":"https:\/\/analyse.optim.biz\/index.php?rest_route=%2Fwp%2Fv2%2Fcategories&post=383995"},{"taxonomy":"post_tag","embeddable":true,"href":"https:\/\/analyse.optim.biz\/index.php?rest_route=%2Fwp%2Fv2%2Ftags&post=383995"}],"curies":[{"name":"wp","href":"https:\/\/api.w.org\/{rel}","templated":true}]}}